{"id":13321,"date":"2024-12-03T17:59:44","date_gmt":"2024-12-03T23:59:44","guid":{"rendered":"https:\/\/zonalimitrofe-cbnr.com\/?p=13321"},"modified":"2024-12-03T17:59:44","modified_gmt":"2024-12-03T23:59:44","slug":"iec-conmemoran-iec-ine-y-oppmc-dia-internacional-de-las-personas-con-discapacidad-con-evento-especial","status":"publish","type":"post","link":"https:\/\/zonalimitrofe-cbnr.com\/index.php\/2024\/12\/03\/iec-conmemoran-iec-ine-y-oppmc-dia-internacional-de-las-personas-con-discapacidad-con-evento-especial\/","title":{"rendered":"#IEC. Conmemoran IEC, INE y OPPMC D\u00eda Internacional de las Personas con Discapacidad con evento especial"},"content":{"rendered":"\n<p>Este 3 de diciembre, el Instituto Electoral de Coahuila (IEC), en conjunto con la Junta Local del Instituto Nacional Electoral (INE) y el Observatorio de Participaci\u00f3n Pol\u00edtica de las Mujeres en Coahuila (OPPMC), realiz\u00f3 un evento para conmemorar el D\u00eda Internacional de las Personas con Discapacidad.<\/p>\n\n\n\n<p>El evento tuvo como objetivo reflexionar sobre la participaci\u00f3n pol\u00edtica de las personas con discapacidad, llev\u00e1ndose a cabo diversas actividades con la participaci\u00f3n de personas pertenecientes a este sector de la poblaci\u00f3n.<\/p>\n\n\n\n<p>Al evento asistieron como autoridades el Consejero Presidente del IEC, Rodrigo Germ\u00e1n Paredes Lozano; la Presidenta de la Comisi\u00f3n de Paridad e Inclusi\u00f3n, Beatriz Eugenia Rodr\u00edguez Villanueva; Madeleyne Ivett Figueroa G\u00e1mez y Leticia Bravo Ostos, integrantes de dicha Comisi\u00f3n; Jos\u00e9 Luis V\u00e1zquez L\u00f3pez, Vocal Ejecutivo de la Junta Local del INE; Argentina Orta D\u00e1vila, en representaci\u00f3n de la Mayra Lucila Vald\u00e9s Gonz\u00e1lez, Presidenta del OPPMC; y los Consejeros Electorales del IEC Juan Antonio Silva Espinoza y Juan Carlos Cisneros Ruiz.<\/p>\n\n\n\n<p>Las actividades comenzaron con el informe &#8220;Derechos pol\u00edtico-electorales de las personas con discapacidad. Una aproximaci\u00f3n a las barreras de participaci\u00f3n y representaci\u00f3n pol\u00edtica&#8221;, presentado por Guadalupe Abigail Salazar Celaya, integrante no permanente del OPPMC; y Michelle Anahid Hern\u00e1ndez Nambo, Secretaria T\u00e9cnica de la Comisi\u00f3n de Paridad e Inclusi\u00f3n.<\/p>\n\n\n\n<p>Posteriormente, Jos\u00e9 Manuel Lastra Cardiel y Jes\u00fas Antonio Puentes de Santiago, miembros de la Asociaci\u00f3n Civil Ver Contigo, realizaron una demostraci\u00f3n del uso del sistema Braille y herramientas electr\u00f3nicas y tecnol\u00f3gicas.<\/p>\n\n\n\n<p>Asimismo, los miembros del Equipo de Boliche Especial de Torre\u00f3n \u2014Ra\u00fal Blasquez; Jaime Rojas, Manuel Chavarr\u00eda y Jaime P\u00e1manes\u2014, compartieron los logros obtenidos en torneos nacionales e internacionales de este deporte en los que han participado.<\/p>\n\n\n\n<p>Por otro lado, el Aldo Mu\u00f1oz Ortiz, Director de Pol\u00edticas y Fomento a la Inclusi\u00f3n del Instituto de las Personas con Discapacidad, present\u00f3 la charla virtual \u201cRetos y perspectivas de los derechos pol\u00edticos de las personas con discapacidad\u201d.<\/p>\n\n\n\n<p>El evento finaliz\u00f3 con la una mesa de di\u00e1logo \u201cDi\u00e1logos electorales hacia la Inclusi\u00f3n\u201d, moderada por la Mtra. Patricia Yeverino Mayola, Directora para Promover la Igualdad y Prevenir la Discriminaci\u00f3n en el Estado de Coahuila. En esta actividad compartieron sus puntos de vista Brely de la Cruz y Flores, Miguel \u00c1ngel Ruelas Ojeda, Montserrat del Carmen Lara Garc\u00eda y Rodolfo Garc\u00eda Guillermo.<\/p>\n","protected":false},"excerpt":{"rendered":"<p>Este 3 de diciembre, el Instituto Electoral de Coahuila (IEC), en conjunto con la Junta Local del Instituto Nacional Electoral (INE) y el Observatorio de Participaci\u00f3n Pol\u00edtica de las Mujeres en Coahuila (OPPMC), realiz\u00f3 un evento para conmemorar el D\u00eda Internacional de las Personas con Discapacidad. El evento tuvo como objetivo reflexionar sobre la participaci\u00f3n [&hellip;]<\/p>\n","protected":false},"author":1,"featured_media":13322,"comment_status":"open","ping_status":"open","sticky":false,"template":"","format":"standard","meta":{"_monsterinsights_skip_tracking":false,"_monsterinsights_sitenote_active":false,"_monsterinsights_sitenote_note":"","_monsterinsights_sitenote_category":0,"footnotes":""},"categories":[1],"tags":[],"_links":{"self":[{"href":"https:\/\/zonalimitrofe-cbnr.com\/index.php\/wp-json\/wp\/v2\/posts\/13321"}],"collection":[{"href":"https:\/\/zonalimitrofe-cbnr.com\/index.php\/wp-json\/wp\/v2\/posts"}],"about":[{"href":"https:\/\/zonalimitrofe-cbnr.com\/index.php\/wp-json\/wp\/v2\/types\/post"}],"author":[{"embeddable":true,"href":"https:\/\/zonalimitrofe-cbnr.com\/index.php\/wp-json\/wp\/v2\/users\/1"}],"replies":[{"embeddable":true,"href":"https:\/\/zonalimitrofe-cbnr.com\/index.php\/wp-json\/wp\/v2\/comments?post=13321"}],"version-history":[{"count":1,"href":"https:\/\/zonalimitrofe-cbnr.com\/index.php\/wp-json\/wp\/v2\/posts\/13321\/revisions"}],"predecessor-version":[{"id":13323,"href":"https:\/\/zonalimitrofe-cbnr.com\/index.php\/wp-json\/wp\/v2\/posts\/13321\/revisions\/13323"}],"wp:featuredmedia":[{"embeddable":true,"href":"https:\/\/zonalimitrofe-cbnr.com\/index.php\/wp-json\/wp\/v2\/media\/13322"}],"wp:attachment":[{"href":"https:\/\/zonalimitrofe-cbnr.com\/index.php\/wp-json\/wp\/v2\/media?parent=13321"}],"wp:term":[{"taxonomy":"category","embeddable":true,"href":"https:\/\/zonalimitrofe-cbnr.com\/index.php\/wp-json\/wp\/v2\/categories?post=13321"},{"taxonomy":"post_tag","embeddable":true,"href":"https:\/\/zonalimitrofe-cbnr.com\/index.php\/wp-json\/wp\/v2\/tags?post=13321"}],"curies":[{"name":"wp","href":"https:\/\/api.w.org\/{rel}","templated":true}]}}