{"id":13306,"date":"2024-12-03T17:47:10","date_gmt":"2024-12-03T23:47:10","guid":{"rendered":"https:\/\/zonalimitrofe-cbnr.com\/?p=13306"},"modified":"2024-12-03T17:47:11","modified_gmt":"2024-12-03T23:47:11","slug":"lerdo-invitan-al-encendido-navideno","status":"publish","type":"post","link":"https:\/\/zonalimitrofe-cbnr.com\/index.php\/2024\/12\/03\/lerdo-invitan-al-encendido-navideno\/","title":{"rendered":"#Lerdo. INVITAN AL ENCENDIDO NAVIDE\u00d1O"},"content":{"rendered":"\n<p>Lerdo, 03 de diciembre 2024.- El Presidente Municipal de Lerdo, Homero Mart\u00ednez Cabrera, invita al Gran Encendido Navide\u00f1o que tendr\u00e1 lugar el pr\u00f3ximo viernes 6 de diciembre, a las 6:00 de la tarde, en el Paseo Sarabia y la Plaza Principal de Ciudad Jard\u00edn.<\/p>\n\n\n\n<p>Para dar la bienvenida a la \u00e9poca decembrina, el Gobierno Municipal de Lerdo, a trav\u00e9s de la Direcci\u00f3n de Arte y Cultura, dar\u00e1 inicio con la Callejoneada Navide\u00f1a, que partir\u00e1 del Parque Victoria por la avenida Sarabia, y culminar\u00e1 con el encendido del monumental Pino de Navidad.<\/p>\n\n\n\n<p>El evento permitir\u00e1 congregar a toda la ciudadan\u00eda para disfrutar del espect\u00e1culo de luces en familia, y mantener vivas las tradiciones de la temporada \u201cde dar y recibir\u201d.<\/p>\n\n\n\n<p>As\u00ed mismo, el Alcalde Homero Mart\u00ednez destac\u00f3 que durante este mes de diciembre habr\u00e1 sorpresas, inaugurando el tradicional Nacimiento en el kiosco de la Plaza Principal y, gracias al Gobernador Esteban Villegas, llegar\u00e1 el Festival \u201cComo La Laguna Ninguna\u201d con incre\u00edbles presentaciones de m\u00fasica.<\/p>\n","protected":false},"excerpt":{"rendered":"<p>Lerdo, 03 de diciembre 2024.- El Presidente Municipal de Lerdo, Homero Mart\u00ednez Cabrera, invita al Gran Encendido Navide\u00f1o que tendr\u00e1 lugar el pr\u00f3ximo viernes 6 de diciembre, a las 6:00 de la tarde, en el Paseo Sarabia y la Plaza Principal de Ciudad Jard\u00edn. Para dar la bienvenida a la \u00e9poca decembrina, el Gobierno Municipal [&hellip;]<\/p>\n","protected":false},"author":1,"featured_media":13307,"comment_status":"open","ping_status":"open","sticky":false,"template":"","format":"standard","meta":{"_monsterinsights_skip_tracking":false,"_monsterinsights_sitenote_active":false,"_monsterinsights_sitenote_note":"","_monsterinsights_sitenote_category":0,"footnotes":""},"categories":[1],"tags":[],"_links":{"self":[{"href":"https:\/\/zonalimitrofe-cbnr.com\/index.php\/wp-json\/wp\/v2\/posts\/13306"}],"collection":[{"href":"https:\/\/zonalimitrofe-cbnr.com\/index.php\/wp-json\/wp\/v2\/posts"}],"about":[{"href":"https:\/\/zonalimitrofe-cbnr.com\/index.php\/wp-json\/wp\/v2\/types\/post"}],"author":[{"embeddable":true,"href":"https:\/\/zonalimitrofe-cbnr.com\/index.php\/wp-json\/wp\/v2\/users\/1"}],"replies":[{"embeddable":true,"href":"https:\/\/zonalimitrofe-cbnr.com\/index.php\/wp-json\/wp\/v2\/comments?post=13306"}],"version-history":[{"count":1,"href":"https:\/\/zonalimitrofe-cbnr.com\/index.php\/wp-json\/wp\/v2\/posts\/13306\/revisions"}],"predecessor-version":[{"id":13308,"href":"https:\/\/zonalimitrofe-cbnr.com\/index.php\/wp-json\/wp\/v2\/posts\/13306\/revisions\/13308"}],"wp:featuredmedia":[{"embeddable":true,"href":"https:\/\/zonalimitrofe-cbnr.com\/index.php\/wp-json\/wp\/v2\/media\/13307"}],"wp:attachment":[{"href":"https:\/\/zonalimitrofe-cbnr.com\/index.php\/wp-json\/wp\/v2\/media?parent=13306"}],"wp:term":[{"taxonomy":"category","embeddable":true,"href":"https:\/\/zonalimitrofe-cbnr.com\/index.php\/wp-json\/wp\/v2\/categories?post=13306"},{"taxonomy":"post_tag","embeddable":true,"href":"https:\/\/zonalimitrofe-cbnr.com\/index.php\/wp-json\/wp\/v2\/tags?post=13306"}],"curies":[{"name":"wp","href":"https:\/\/api.w.org\/{rel}","templated":true}]}}