{"id":13285,"date":"2024-12-03T17:28:02","date_gmt":"2024-12-03T23:28:02","guid":{"rendered":"https:\/\/zonalimitrofe-cbnr.com\/?p=13285"},"modified":"2024-12-03T17:28:02","modified_gmt":"2024-12-03T23:28:02","slug":"lerdo-presentaran-flashmob-en-plaza-principal-de-lerdo-este-miercoles","status":"publish","type":"post","link":"https:\/\/zonalimitrofe-cbnr.com\/index.php\/2024\/12\/03\/lerdo-presentaran-flashmob-en-plaza-principal-de-lerdo-este-miercoles\/","title":{"rendered":"#Lerdo. PRESENTAR\u00c1N FLASHMOB EN PLAZA PRINCIPAL DE LERDO ESTE MI\u00c9RCOLES*"},"content":{"rendered":"\n<p>Lerdo, 03 de diciembre 2024.- La plaza principal de Ciudad Lerdo ser\u00e1 el escenario para la presentaci\u00f3n del flashmob, el pr\u00f3ximo mi\u00e9rcoles 04 de diciembre en la plaza, a cargo de los estudiantes del Centro de Estudios Lerdo Contempor\u00e1neo, que se desarrollar\u00e1 en punto de las 12:00 del mediod\u00eda.<\/p>\n\n\n\n<p>La instrucci\u00f3n del Presidente Municipal Homero Mart\u00ednez Cabrera es apoyar este tipo de actividades que buscan fortalecer el v\u00ednculo entre la comunidad con las instituciones educativas, promoviendo la cultura y el arte como herramientas esenciales para el desarrollo social.<\/p>\n\n\n\n<p>Esta iniciativa se trata de un evento art\u00edstico que busca reunir a la comunidad en un ambiente de m\u00fasica, talento y creatividad. El espect\u00e1culo contar\u00e1 con la participaci\u00f3n activa de los estudiantes de los talleres de Banda Sinf\u00f3nica, M\u00fasica, Coro y Baile Moderno.<\/p>\n\n\n\n<p>El instituto Lerdo Contempor\u00e1neo agradeci\u00f3 el apoyo de las \u00e1reas de Servicios P\u00fablicos, as\u00ed como Plazas y Mercados, para desarrollar esta actividad de la mejor manera posible que tiene como objetivo exhibir las habilidades art\u00edsticas y el esfuerzo de los estudiantes, adem\u00e1s de crear un espacio de encuentro y disfrute cultural para toda la comunidad.<\/p>\n","protected":false},"excerpt":{"rendered":"<p>Lerdo, 03 de diciembre 2024.- La plaza principal de Ciudad Lerdo ser\u00e1 el escenario para la presentaci\u00f3n del flashmob, el pr\u00f3ximo mi\u00e9rcoles 04 de diciembre en la plaza, a cargo de los estudiantes del Centro de Estudios Lerdo Contempor\u00e1neo, que se desarrollar\u00e1 en punto de las 12:00 del mediod\u00eda. La instrucci\u00f3n del Presidente Municipal Homero [&hellip;]<\/p>\n","protected":false},"author":1,"featured_media":13286,"comment_status":"open","ping_status":"open","sticky":false,"template":"","format":"standard","meta":{"_monsterinsights_skip_tracking":false,"_monsterinsights_sitenote_active":false,"_monsterinsights_sitenote_note":"","_monsterinsights_sitenote_category":0,"footnotes":""},"categories":[1],"tags":[],"_links":{"self":[{"href":"https:\/\/zonalimitrofe-cbnr.com\/index.php\/wp-json\/wp\/v2\/posts\/13285"}],"collection":[{"href":"https:\/\/zonalimitrofe-cbnr.com\/index.php\/wp-json\/wp\/v2\/posts"}],"about":[{"href":"https:\/\/zonalimitrofe-cbnr.com\/index.php\/wp-json\/wp\/v2\/types\/post"}],"author":[{"embeddable":true,"href":"https:\/\/zonalimitrofe-cbnr.com\/index.php\/wp-json\/wp\/v2\/users\/1"}],"replies":[{"embeddable":true,"href":"https:\/\/zonalimitrofe-cbnr.com\/index.php\/wp-json\/wp\/v2\/comments?post=13285"}],"version-history":[{"count":1,"href":"https:\/\/zonalimitrofe-cbnr.com\/index.php\/wp-json\/wp\/v2\/posts\/13285\/revisions"}],"predecessor-version":[{"id":13287,"href":"https:\/\/zonalimitrofe-cbnr.com\/index.php\/wp-json\/wp\/v2\/posts\/13285\/revisions\/13287"}],"wp:featuredmedia":[{"embeddable":true,"href":"https:\/\/zonalimitrofe-cbnr.com\/index.php\/wp-json\/wp\/v2\/media\/13286"}],"wp:attachment":[{"href":"https:\/\/zonalimitrofe-cbnr.com\/index.php\/wp-json\/wp\/v2\/media?parent=13285"}],"wp:term":[{"taxonomy":"category","embeddable":true,"href":"https:\/\/zonalimitrofe-cbnr.com\/index.php\/wp-json\/wp\/v2\/categories?post=13285"},{"taxonomy":"post_tag","embeddable":true,"href":"https:\/\/zonalimitrofe-cbnr.com\/index.php\/wp-json\/wp\/v2\/tags?post=13285"}],"curies":[{"name":"wp","href":"https:\/\/api.w.org\/{rel}","templated":true}]}}