{"id":13269,"date":"2024-12-02T17:24:58","date_gmt":"2024-12-02T23:24:58","guid":{"rendered":"https:\/\/zonalimitrofe-cbnr.com\/?p=13269"},"modified":"2024-12-02T17:25:19","modified_gmt":"2024-12-02T23:25:19","slug":"durango-presentan-gobierno-del-estaso-la-3a-edicion-del-festival-como-la-laguna-ninguna-2024","status":"publish","type":"post","link":"https:\/\/zonalimitrofe-cbnr.com\/index.php\/2024\/12\/02\/durango-presentan-gobierno-del-estaso-la-3a-edicion-del-festival-como-la-laguna-ninguna-2024\/","title":{"rendered":"#Durango. Presentan Gobierno del Estado la 3a edici\u00f3n del Festival \u201cComo La Laguna, Ninguna 2024\u201d*"},"content":{"rendered":"\n<ul>\n<li><em>Laguneros vivir\u00e1n del 16 al 21 de diciembre una fiesta sin igual con artistas como banda Rancho Grande, Marco Flores y La Jerez; Mariana Seoane, Los Cardenales de Nuevo Le\u00f3n, entre otros.<\/em><\/li>\n<\/ul>\n\n\n\n<p>G\u00f3mez Palacio, Dgo.\u2013 Del 16 al 21 de diciembre, la Comarca Lagunera vivir\u00e1 una fiesta sin igual con la tercera edici\u00f3n del festival \u201cComo La Laguna, Ninguna 2024\u201d, que ofrecer\u00e1 m\u00fasica, danza y cultura para todos los gustos y edades, gracias a un esfuerzo conjunto entre el Gobierno del Estado que encabeza Esteban Villegas, as\u00ed como los municipios de Lerdo y G\u00f3mez Palacio.<\/p>\n\n\n\n<p>As\u00ed lo destac\u00f3 Lauro Arce Gallegos, director de Ferias, Espect\u00e1culos y Paseos Tur\u00edsticos, quien resalt\u00f3 que hubo momentos en los que estuvo en riesgo la realizaci\u00f3n de dicho festival, pero gracias al apoyo del Mandatario Estatal, as\u00ed como los presidentes municipales Homero Mart\u00ednez y Leticia Herrera, hoy se puede presentar la cartelera para todos los gustos y edades.<\/p>\n\n\n\n<p>\u201cEste es un esfuerzo que permite activar los espacios p\u00fablicos y generar turismo en la regi\u00f3n, remarc\u00f3.<\/p>\n\n\n\n<p>Por su parte, Francisco Javier P\u00e9rez Meza, titular del Instituto de Cultura del Estado de Durango (ICED), subray\u00f3 el esp\u00edritu comunitario de esta actividad, \u201ceste es un festival popular, creado para que las calles y plazas sean lugares seguros y llenos de vida, como lo hemos visto en los dos a\u00f1os anteriores. La mayor\u00eda de los artistas que participan son de la regi\u00f3n y eso enriquece la programaci\u00f3n\u201d, detall\u00f3 al destacar la importancia de continuar con la tradici\u00f3n y el apoyo al talento local.<\/p>\n\n\n\n<p>Homero Mart\u00ednez, presidente municipal de Lerdo, enfatiz\u00f3 la importancia de la colaboraci\u00f3n entre los diferentes niveles de gobierno para garantizar la seguridad y el buen desarrollo del festival. \u201cLo que buscamos es que la ciudadan\u00eda se divierta y disfrute de diferentes temas culturales y de espect\u00e1culos.<br>Tambi\u00e9n contamos con el apoyo del Gobierno Estatal para asegurar que los eventos se desarrollen con tranquilidad. La Comarca Lagunera es uno de los lugares m\u00e1s seguros del pa\u00eds, y en eso seguimos trabajando para que este festival contin\u00fae creciendo\u201d, apunt\u00f3.<\/p>\n\n\n\n<p>Susy Torrecillas, diputada local y presidenta de la Comisi\u00f3n de Turismo, resalt\u00f3 la relevancia del evento para los laguneros. \u201cEl gobernador Esteban Villegas ha atendido la demanda de los ciudadanos de La Laguna, y este festival es un reflejo de ese compromiso. Queremos que en el futuro se convierta en un referente, como el Festival de las Revuelta, y que las familias tengan un pretexto para reunirse en el marco de las fiestas decembrinas\u201d, coment\u00f3 tras subrayar el apoyo del Congreso del Estado para fortalecer el evento en futuras ediciones.<\/p>\n\n\n\n<p>La programaci\u00f3n del festival incluye una variedad de conciertos y actividades culturales que se realizar\u00e1n en distintos puntos de La Laguna. El evento dar\u00e1 inicio el 16 de diciembre con la presentaci\u00f3n de la banda Rancho Grande en la Plaza de Lerdo y concluir\u00e1 el 21 de diciembre con el espect\u00e1culo de Marco Flores y La Jerez en G\u00f3mez Palacio.<\/p>\n\n\n\n<p>Entre los eventos destacados figuran las presentaciones de Chicos de Barrio, Eliseo Robles, Mariana Seoane, Los Cardenales de Nuevo Le\u00f3n y un espect\u00e1culo infantil, entre otros.<\/p>\n\n\n\n<p>La celebraci\u00f3n tambi\u00e9n incluye el Festival de \u00c1nime y C\u00f3mic en la Casa de la Cultura y un concierto de orquesta en el Teatro M. Alvarado.<\/p>\n\n\n\n<p>Con la intenci\u00f3n de promover la cultura local y ofrecer una experiencia \u00fanica para todos, el festival se consolida como uno de los eventos m\u00e1s esperados del a\u00f1o en La Laguna.<\/p>\n\n\n\n<p>En esta presentaci\u00f3n estuvieron presentes tambi\u00e9n Ra\u00fal Meraz, subsecretario de Gobierno Regi\u00f3n Laguna; y Vicente Reyes Sol\u00eds, Secretario del Ayuntamiento de G\u00f3mez Palacio, este \u00faltimo en representaci\u00f3n de la alcaldesa Leticia Herrera Ale.<\/p>\n\n\n\n<p>Cartelera:<\/p>\n\n\n\n<ul>\n<li>16 de diciembre: El festival arranca en la Plaza de Lerdo con la poderosa banda Rancho Grande, quienes pondr\u00e1n a todos a bailar con su m\u00fasica tradicional.<\/li>\n\n\n\n<li>17 de diciembre: En la misma plaza, el inconfundible ritmo de Chicos de Barrio har\u00e1 vibrar el escenario, brindando su propuesta musical \u00fanica.<\/li>\n\n\n\n<li>18 de diciembre: La Plaza de Armas de Lerdo recibe a Eliseo Robles, la voz de oro del norte\u00f1o, quien evocar\u00e1 sus m\u00e1s grandes \u00e9xitos. Adem\u00e1s, se presentar\u00e1 un concierto de m\u00fasica cl\u00e1sica en el Teatro M. Alvarado.<\/li>\n\n\n\n<li>19 de diciembre: La fiesta se traslada a G\u00f3mez Palacio, frente a la presidencia municipal, con la talentosa Mariana Seoane, quien har\u00e1 vibrar el escenario con sus cumbias y rancheras. En la Plaza de Armas de G\u00f3mez Palacio tambi\u00e9n se podr\u00e1 disfrutar del espect\u00e1culo infantil \u201cLa pelota cuadrada\u201d.<\/li>\n\n\n\n<li>20 de diciembre: Los Cardenales de Nuevo Le\u00f3n se presentar\u00e1n frente a la presidencia municipal de G\u00f3mez Palacio, con su caracter\u00edstico sonido de acorde\u00f3n y bajo sexto, interpretando \u00e9xitos como \u201cSi yo fuera \u00e9l\u201d, \u201cBelleza de cantina\u201d y \u201cMi C\u00f3mplice\u201d.<\/li>\n\n\n\n<li>21 de diciembre: Para celebrar el 119 aniversario de G\u00f3mez Palacio, el jard\u00edn Morelos ser\u00e1 el escenario de la energ\u00eda de Marc\u00f3 Flores y La Jerez. Adem\u00e1s, en el Teatro M. Alvarado habr\u00e1 un concierto de orquesta titulado \u201cDime\u201d y, en la Casa de la Cultura, se llevar\u00e1 a cabo el Festival de \u00c1nime y C\u00f3mic.<\/li>\n<\/ul>\n","protected":false},"excerpt":{"rendered":"<p>G\u00f3mez Palacio, Dgo.\u2013 Del 16 al 21 de diciembre, la Comarca Lagunera vivir\u00e1 una fiesta sin igual con la tercera edici\u00f3n del festival \u201cComo La Laguna, Ninguna 2024\u201d, que ofrecer\u00e1 m\u00fasica, danza y cultura para todos los gustos y edades, gracias a un esfuerzo conjunto entre el Gobierno del Estado que encabeza Esteban Villegas, as\u00ed [&hellip;]<\/p>\n","protected":false},"author":1,"featured_media":13270,"comment_status":"open","ping_status":"open","sticky":false,"template":"","format":"standard","meta":{"_monsterinsights_skip_tracking":false,"_monsterinsights_sitenote_active":false,"_monsterinsights_sitenote_note":"","_monsterinsights_sitenote_category":0,"footnotes":""},"categories":[1],"tags":[],"_links":{"self":[{"href":"https:\/\/zonalimitrofe-cbnr.com\/index.php\/wp-json\/wp\/v2\/posts\/13269"}],"collection":[{"href":"https:\/\/zonalimitrofe-cbnr.com\/index.php\/wp-json\/wp\/v2\/posts"}],"about":[{"href":"https:\/\/zonalimitrofe-cbnr.com\/index.php\/wp-json\/wp\/v2\/types\/post"}],"author":[{"embeddable":true,"href":"https:\/\/zonalimitrofe-cbnr.com\/index.php\/wp-json\/wp\/v2\/users\/1"}],"replies":[{"embeddable":true,"href":"https:\/\/zonalimitrofe-cbnr.com\/index.php\/wp-json\/wp\/v2\/comments?post=13269"}],"version-history":[{"count":2,"href":"https:\/\/zonalimitrofe-cbnr.com\/index.php\/wp-json\/wp\/v2\/posts\/13269\/revisions"}],"predecessor-version":[{"id":13272,"href":"https:\/\/zonalimitrofe-cbnr.com\/index.php\/wp-json\/wp\/v2\/posts\/13269\/revisions\/13272"}],"wp:featuredmedia":[{"embeddable":true,"href":"https:\/\/zonalimitrofe-cbnr.com\/index.php\/wp-json\/wp\/v2\/media\/13270"}],"wp:attachment":[{"href":"https:\/\/zonalimitrofe-cbnr.com\/index.php\/wp-json\/wp\/v2\/media?parent=13269"}],"wp:term":[{"taxonomy":"category","embeddable":true,"href":"https:\/\/zonalimitrofe-cbnr.com\/index.php\/wp-json\/wp\/v2\/categories?post=13269"},{"taxonomy":"post_tag","embeddable":true,"href":"https:\/\/zonalimitrofe-cbnr.com\/index.php\/wp-json\/wp\/v2\/tags?post=13269"}],"curies":[{"name":"wp","href":"https:\/\/api.w.org\/{rel}","templated":true}]}}