{"id":13248,"date":"2024-12-02T17:00:48","date_gmt":"2024-12-02T23:00:48","guid":{"rendered":"https:\/\/zonalimitrofe-cbnr.com\/?p=13248"},"modified":"2024-12-02T17:00:48","modified_gmt":"2024-12-02T23:00:48","slug":"lerdo-presentan-actividades-de-clln-2024","status":"publish","type":"post","link":"https:\/\/zonalimitrofe-cbnr.com\/index.php\/2024\/12\/02\/lerdo-presentan-actividades-de-clln-2024\/","title":{"rendered":"#Lerdo. PRESENTAN ACTIVIDADES DE CLLN 2024*"},"content":{"rendered":"\n<p>Lerdo, 02 de diciembre 2024.- El Presidente Municipal de Lerdo, Homero Mart\u00ednez Cabrera acompa\u00f1\u00f3 este lunes al director de Ferias, Espect\u00e1culos y Paseos Tur\u00edsticos de Durango, Lauro Arce, quien en representaci\u00f3n del Gobernador del Estado Esteban Villegas, present\u00f3 las actividades del festival &#8220;Como La Laguna ninguna&#8221; que se habr\u00e1n de realizar en Lerdo y G\u00f3mez Palacio.<\/p>\n\n\n\n<p>La cartelera cultural ser\u00e1 del 16 al 21 de diciembre, arrancando en el Municipio de Lerdo con &#8216;la Poderosa Banda Rancho Grande&#8217; el lunes 16 de diciembre, continuando el martes 17 con &#8216;Chicos de Barrio&#8217; y el mi\u00e9rcoles 18 con &#8216;Eliseo Robles&#8217;, en la plaza de Armas de Ciudad Jard\u00edn.<\/p>\n\n\n\n<p>El Presidente Municipal Homero Mart\u00ednez reconoci\u00f3 el compromiso del Gobernador Esteban Villegas, por brindarle a la ciudadan\u00eda un gran festival, como en a\u00f1os anteriores, siendo esta la tercera entrega de &#8220;Como La Laguna ninguna&#8221;.<\/p>\n\n\n\n<p>Adem\u00e1s se\u00f1al\u00f3 que el Municipio de Lerdo coadyuvar\u00e1 en todo momento con la seguridad a trav\u00e9s de las \u00e1reas operativas, para garantizar que la poblaci\u00f3n se divierta sanamente. &#8220;Tenemos que seguirle apostando para que estas actividades se sigan desarrollando y que la ciudadan\u00eda se divierta&#8221; dijo<\/p>\n\n\n\n<p>Por su parte, la Diputada y Presidenta de la Comisi\u00f3n de Turismo, Susy Torrecillas, destac\u00f3 que en la regi\u00f3n lagunera hay historia, amor por la cultura y el arte, por lo que se espera una gran afluencia de visitantes durante la temporada decembrina.<\/p>\n\n\n\n<p>Lauro Arce dijo que la instrucci\u00f3n del Gobernador Esteban Villegas es seguir activando los espacios p\u00fablicos e incentivar el turismo para que llegue a la regi\u00f3n.<\/p>\n\n\n\n<p>En la rueda de prensa tambien se cont\u00f3 con la participaci\u00f3n del Director del Instituto de Cultura Durango, Francisco Javier P\u00e9rez; el Subsecretario de Gobierno Regi\u00f3n Laguna, Ra\u00fal Meraz; y en representaci\u00f3n de la Presidenta Municipal de G\u00f3mez Palacio Leticia Herrera, el Secretario del Ayuntamiento Vicente Reyes.<\/p>\n","protected":false},"excerpt":{"rendered":"<p>Lerdo, 02 de diciembre 2024.- El Presidente Municipal de Lerdo, Homero Mart\u00ednez Cabrera acompa\u00f1\u00f3 este lunes al director de Ferias, Espect\u00e1culos y Paseos Tur\u00edsticos de Durango, Lauro Arce, quien en representaci\u00f3n del Gobernador del Estado Esteban Villegas, present\u00f3 las actividades del festival &#8220;Como La Laguna ninguna&#8221; que se habr\u00e1n de realizar en Lerdo y G\u00f3mez [&hellip;]<\/p>\n","protected":false},"author":1,"featured_media":13249,"comment_status":"open","ping_status":"open","sticky":false,"template":"","format":"standard","meta":{"_monsterinsights_skip_tracking":false,"_monsterinsights_sitenote_active":false,"_monsterinsights_sitenote_note":"","_monsterinsights_sitenote_category":0,"footnotes":""},"categories":[1],"tags":[],"_links":{"self":[{"href":"https:\/\/zonalimitrofe-cbnr.com\/index.php\/wp-json\/wp\/v2\/posts\/13248"}],"collection":[{"href":"https:\/\/zonalimitrofe-cbnr.com\/index.php\/wp-json\/wp\/v2\/posts"}],"about":[{"href":"https:\/\/zonalimitrofe-cbnr.com\/index.php\/wp-json\/wp\/v2\/types\/post"}],"author":[{"embeddable":true,"href":"https:\/\/zonalimitrofe-cbnr.com\/index.php\/wp-json\/wp\/v2\/users\/1"}],"replies":[{"embeddable":true,"href":"https:\/\/zonalimitrofe-cbnr.com\/index.php\/wp-json\/wp\/v2\/comments?post=13248"}],"version-history":[{"count":1,"href":"https:\/\/zonalimitrofe-cbnr.com\/index.php\/wp-json\/wp\/v2\/posts\/13248\/revisions"}],"predecessor-version":[{"id":13250,"href":"https:\/\/zonalimitrofe-cbnr.com\/index.php\/wp-json\/wp\/v2\/posts\/13248\/revisions\/13250"}],"wp:featuredmedia":[{"embeddable":true,"href":"https:\/\/zonalimitrofe-cbnr.com\/index.php\/wp-json\/wp\/v2\/media\/13249"}],"wp:attachment":[{"href":"https:\/\/zonalimitrofe-cbnr.com\/index.php\/wp-json\/wp\/v2\/media?parent=13248"}],"wp:term":[{"taxonomy":"category","embeddable":true,"href":"https:\/\/zonalimitrofe-cbnr.com\/index.php\/wp-json\/wp\/v2\/categories?post=13248"},{"taxonomy":"post_tag","embeddable":true,"href":"https:\/\/zonalimitrofe-cbnr.com\/index.php\/wp-json\/wp\/v2\/tags?post=13248"}],"curies":[{"name":"wp","href":"https:\/\/api.w.org\/{rel}","templated":true}]}}