{"id":13239,"date":"2024-12-02T16:52:55","date_gmt":"2024-12-02T22:52:55","guid":{"rendered":"https:\/\/zonalimitrofe-cbnr.com\/?p=13239"},"modified":"2024-12-02T16:52:55","modified_gmt":"2024-12-02T22:52:55","slug":"iec-conmemorara-iec-dia-internacional-de-las-personas-con-discapacidad-con-evento-especial","status":"publish","type":"post","link":"https:\/\/zonalimitrofe-cbnr.com\/index.php\/2024\/12\/02\/iec-conmemorara-iec-dia-internacional-de-las-personas-con-discapacidad-con-evento-especial\/","title":{"rendered":"#IEC. Conmemorar\u00e1 IEC D\u00eda Internacional de las Personas con Discapacidad con evento especial"},"content":{"rendered":"\n<p>En el marco del D\u00eda Internacional de las Personas con Discapacidad y con el objetivo de reflexionar sobre su participaci\u00f3n pol\u00edtica, este martes 3 de diciembre el Instituto Electoral de Coahuila (IEC), el Instituto Nacional Electoral (INE) en Coahuila y el Observatorio de Participaci\u00f3n Pol\u00edtica de las Mujeres en Coahuila (OPPMC), realizar\u00e1n un evento conmemorativo.<br>Entre las actividades a desarrollar, se contar\u00e1 con la participaci\u00f3n de Jos\u00e9 Manuel Lastra Cardiel, integrante de la Asociaci\u00f3n Civil Ver Contigo; de miembros del Equipo de Boliche Especial; y una charla virtual con el Mtro. Aldo Mu\u00f1oz Ortiz, Director de Pol\u00edticas y Fomento a la Inclusi\u00f3n del Instituto de las Personas con Discapacidad.<br>Asimismo, se llevar\u00e1 a cabo la mesa de di\u00e1logo \u201cDi\u00e1logos electorales hacia la Inclusi\u00f3n\u201d, moderada por la Mtra. Patricia Yeverino Mayola, Directora para Promover la Igualdad y Prevenir la Discriminaci\u00f3n en el Estado de Coahuila. Participan en esta actividad Brely de la Cruz y Flores, Miguel \u00c1ngel Ruelas Ojeda, Montserrat del Carmen Lara Garc\u00eda y Rodolfo Garc\u00eda Guillermo.<br>La invitaci\u00f3n est\u00e1 abierta a personas con discapacidad, instituciones, colectivos, asociaciones y p\u00fablico en general. La asistencia puede registrarse a trav\u00e9s de un c\u00f3digo QR difundido en las redes sociales del IEC.<br>El evento tendr\u00e1 lugar en las oficinas centrales del IEC, a las 12:00 horas.<\/p>\n","protected":false},"excerpt":{"rendered":"<p>En el marco del D\u00eda Internacional de las Personas con Discapacidad y con el objetivo de reflexionar sobre su participaci\u00f3n pol\u00edtica, este martes 3 de diciembre el Instituto Electoral de Coahuila (IEC), el Instituto Nacional Electoral (INE) en Coahuila y el Observatorio de Participaci\u00f3n Pol\u00edtica de las Mujeres en Coahuila (OPPMC), realizar\u00e1n un evento conmemorativo.Entre [&hellip;]<\/p>\n","protected":false},"author":1,"featured_media":13240,"comment_status":"open","ping_status":"open","sticky":false,"template":"","format":"standard","meta":{"_monsterinsights_skip_tracking":false,"_monsterinsights_sitenote_active":false,"_monsterinsights_sitenote_note":"","_monsterinsights_sitenote_category":0,"footnotes":""},"categories":[1],"tags":[],"_links":{"self":[{"href":"https:\/\/zonalimitrofe-cbnr.com\/index.php\/wp-json\/wp\/v2\/posts\/13239"}],"collection":[{"href":"https:\/\/zonalimitrofe-cbnr.com\/index.php\/wp-json\/wp\/v2\/posts"}],"about":[{"href":"https:\/\/zonalimitrofe-cbnr.com\/index.php\/wp-json\/wp\/v2\/types\/post"}],"author":[{"embeddable":true,"href":"https:\/\/zonalimitrofe-cbnr.com\/index.php\/wp-json\/wp\/v2\/users\/1"}],"replies":[{"embeddable":true,"href":"https:\/\/zonalimitrofe-cbnr.com\/index.php\/wp-json\/wp\/v2\/comments?post=13239"}],"version-history":[{"count":1,"href":"https:\/\/zonalimitrofe-cbnr.com\/index.php\/wp-json\/wp\/v2\/posts\/13239\/revisions"}],"predecessor-version":[{"id":13241,"href":"https:\/\/zonalimitrofe-cbnr.com\/index.php\/wp-json\/wp\/v2\/posts\/13239\/revisions\/13241"}],"wp:featuredmedia":[{"embeddable":true,"href":"https:\/\/zonalimitrofe-cbnr.com\/index.php\/wp-json\/wp\/v2\/media\/13240"}],"wp:attachment":[{"href":"https:\/\/zonalimitrofe-cbnr.com\/index.php\/wp-json\/wp\/v2\/media?parent=13239"}],"wp:term":[{"taxonomy":"category","embeddable":true,"href":"https:\/\/zonalimitrofe-cbnr.com\/index.php\/wp-json\/wp\/v2\/categories?post=13239"},{"taxonomy":"post_tag","embeddable":true,"href":"https:\/\/zonalimitrofe-cbnr.com\/index.php\/wp-json\/wp\/v2\/tags?post=13239"}],"curies":[{"name":"wp","href":"https:\/\/api.w.org\/{rel}","templated":true}]}}