{"id":13207,"date":"2024-12-01T16:17:03","date_gmt":"2024-12-01T22:17:03","guid":{"rendered":"https:\/\/zonalimitrofe-cbnr.com\/?p=13207"},"modified":"2024-12-01T16:17:03","modified_gmt":"2024-12-01T22:17:03","slug":"durango-esteban-fortalece-relacion-con-el-gobierno-de-claudia-sheinbaum-visitas-de-funcionarios-federales-lo-confirman","status":"publish","type":"post","link":"https:\/\/zonalimitrofe-cbnr.com\/index.php\/2024\/12\/01\/durango-esteban-fortalece-relacion-con-el-gobierno-de-claudia-sheinbaum-visitas-de-funcionarios-federales-lo-confirman\/","title":{"rendered":"#Durango. Esteban fortalece relaci\u00f3n con el Gobierno de Claudia Sheinbaum; visitas de funcionarios federales lo confirman*"},"content":{"rendered":"\n<ul>\n<li><em>En los \u00faltimos d\u00edas Gobernador sostuvo encuentros con funcionarios de primer nivel con los que abord\u00f3 temas de relevancia para el desarrollo del estado como de infraestructura hidr\u00e1ulica, educaci\u00f3n y cuidado del medio ambiente.<\/em><\/li>\n\n\n\n<li><em>Acuerdos garantizan un futuro pr\u00f3spero y sostenible para los duranguenses.<\/em><\/li>\n<\/ul>\n\n\n\n<p>El gobernador de Durango, Esteban Villegas Villarreal, fortalece la relaci\u00f3n con el Gobierno de Claudia Sheinbaum al recibir tan solo en la \u00faltima semana, en la entidad, a funcionarios federales de primer nivel con quienes abord\u00f3 temas de gran relevancia para el desarrollo del estado, entre ellos el manejo de los recursos naturales, infraestructura hidr\u00e1ulica, la educaci\u00f3n.<\/p>\n\n\n\n<p>En un encuentro con los alcaldes de los 39 municipios y el Gobernador, el director general de la Comisi\u00f3n Nacional del Agua (CONAGUA), Efra\u00edn Morales, acord\u00f3 reforzar el trabajo conjunto entorno al Plan Nacional Hidr\u00e1ulico. En esta reuni\u00f3n se destacaron m\u00e1s inversiones y estrategias que permitir\u00e1n enfrentar los retos relacionados con el suministro y la gesti\u00f3n del agua en la entidad.<\/p>\n\n\n\n<p>Aqu\u00ed, resalt\u00f3 el proyecto de la Presa Tunal II, que gracias a las gestiones de Esteban Villegas, se garantizar\u00e1 agua potable por 50 a\u00f1os a los habitantes.<\/p>\n\n\n\n<p>En el marco de la celebraci\u00f3n del D\u00eda Nacional de la Conservaci\u00f3n, Durango recibi\u00f3 varios reconocimientos a nivel nacional por su esfuerzo y liderazgo en la protecci\u00f3n del medio ambiente.<\/p>\n\n\n\n<p>All\u00ed, Villegas Villarreal, junto a Sergio Humberto Graf Montero, director general de la Comisi\u00f3n Nacional Forestal (Conafor), firm\u00f3 un Convenio de Colaboraci\u00f3n con dicha dependencia federal para reforzar el compromiso del estado con la conservaci\u00f3n de sus recursos naturales.<\/p>\n\n\n\n<p>De forma virtual, Alicia B\u00e1rcenas, titular de la Secretar\u00eda de Medio Ambiente y Recursos Naturales (Semarnat), reconoci\u00f3 a Durango como la octava entidad del pa\u00eds con mejores acciones en favor del medio ambiente. Este reconocimiento refleja el trabajo continuo del Gobierno Estatal en la preservaci\u00f3n de sus ecosistemas y biodiversidad.<\/p>\n\n\n\n<p>La jornada del D\u00eda Nacional de la Conservaci\u00f3n tambi\u00e9n incluy\u00f3 discursos de funcionarios clave que resaltaron los avances de Durango en materia ambiental; Marina Robles Garc\u00eda, subsecretaria de Pol\u00edtica Ambiental y Recursos Naturales de la Semarnat, destac\u00f3 el trabajo del estado como un ejemplo a nivel nacional en la protecci\u00f3n de la Biosfera.<\/p>\n\n\n\n<p>Adem\u00e1s, el comisionado Nacional de \u00c1reas Naturales Protegidas, Pedro \u00c1lvarez Icaza, agradeci\u00f3 al Gobernador por su liderazgo en la conservaci\u00f3n de los bosques, especialmente en la gesti\u00f3n de la Biosfera de La Michil\u00eda, un proyecto que ahora cuenta con un plan de manejo actualizado, lo cual representa un paso importante para asegurar la protecci\u00f3n y el buen manejo de estas \u00e1reas.<\/p>\n\n\n\n<p>A lo largo del mes, el gobernador Esteban Villegas tambi\u00e9n sostuvo reuniones virtuales con otros funcionarios federales para avanzar en temas de infraestructura y bienestar social. En conversaciones con Jes\u00fas Antonio Esteva Medina, titular de la Secretar\u00eda de Infraestructura, Comunicaciones y Transportes (SICT), se abordaron proyectos carreteros clave para el estado, como la carretera Durango-Parral.<\/p>\n\n\n\n<p>Asimismo, se trat\u00f3 la mejora de la atenci\u00f3n a los derechohabientes del ISSSTE, en una reuni\u00f3n con el director general del instituto, Mart\u00ed Batres Guadarrama, as\u00ed como temas de energ\u00eda con la secretaria de Energ\u00eda, Luz Elena Gonz\u00e1lez Escobar. Estos encuentros subrayan el trabajo conjunto entre el gobierno estatal y federal para mejorar la calidad de vida de los duranguenses.<\/p>\n\n\n\n<p>Con estos avances encabezados por Esteban Villegas Villareal, Durango consolida su relaci\u00f3n con el Gobierno de la presidenta Claudia Sheinbaum, enfoc\u00e1ndose en temas estrat\u00e9gicos para el desarrollo de la entidad.<\/p>\n","protected":false},"excerpt":{"rendered":"<p>El gobernador de Durango, Esteban Villegas Villarreal, fortalece la relaci\u00f3n con el Gobierno de Claudia Sheinbaum al recibir tan solo en la \u00faltima semana, en la entidad, a funcionarios federales de primer nivel con quienes abord\u00f3 temas de gran relevancia para el desarrollo del estado, entre ellos el manejo de los recursos naturales, infraestructura hidr\u00e1ulica, [&hellip;]<\/p>\n","protected":false},"author":1,"featured_media":13208,"comment_status":"open","ping_status":"open","sticky":false,"template":"","format":"standard","meta":{"_monsterinsights_skip_tracking":false,"_monsterinsights_sitenote_active":false,"_monsterinsights_sitenote_note":"","_monsterinsights_sitenote_category":0,"footnotes":""},"categories":[1],"tags":[],"_links":{"self":[{"href":"https:\/\/zonalimitrofe-cbnr.com\/index.php\/wp-json\/wp\/v2\/posts\/13207"}],"collection":[{"href":"https:\/\/zonalimitrofe-cbnr.com\/index.php\/wp-json\/wp\/v2\/posts"}],"about":[{"href":"https:\/\/zonalimitrofe-cbnr.com\/index.php\/wp-json\/wp\/v2\/types\/post"}],"author":[{"embeddable":true,"href":"https:\/\/zonalimitrofe-cbnr.com\/index.php\/wp-json\/wp\/v2\/users\/1"}],"replies":[{"embeddable":true,"href":"https:\/\/zonalimitrofe-cbnr.com\/index.php\/wp-json\/wp\/v2\/comments?post=13207"}],"version-history":[{"count":1,"href":"https:\/\/zonalimitrofe-cbnr.com\/index.php\/wp-json\/wp\/v2\/posts\/13207\/revisions"}],"predecessor-version":[{"id":13209,"href":"https:\/\/zonalimitrofe-cbnr.com\/index.php\/wp-json\/wp\/v2\/posts\/13207\/revisions\/13209"}],"wp:featuredmedia":[{"embeddable":true,"href":"https:\/\/zonalimitrofe-cbnr.com\/index.php\/wp-json\/wp\/v2\/media\/13208"}],"wp:attachment":[{"href":"https:\/\/zonalimitrofe-cbnr.com\/index.php\/wp-json\/wp\/v2\/media?parent=13207"}],"wp:term":[{"taxonomy":"category","embeddable":true,"href":"https:\/\/zonalimitrofe-cbnr.com\/index.php\/wp-json\/wp\/v2\/categories?post=13207"},{"taxonomy":"post_tag","embeddable":true,"href":"https:\/\/zonalimitrofe-cbnr.com\/index.php\/wp-json\/wp\/v2\/tags?post=13207"}],"curies":[{"name":"wp","href":"https:\/\/api.w.org\/{rel}","templated":true}]}}