{"id":1209,"date":"2024-01-30T23:46:03","date_gmt":"2024-01-30T23:46:03","guid":{"rendered":"https:\/\/zonalimitrofe-cbnr.com\/?p=1209"},"modified":"2024-01-30T23:46:03","modified_gmt":"2024-01-30T23:46:03","slug":"durango-llega-la-tercera-gran-inversion-del-2024-a-durango-coloca-esteban-primera-piedra-de-nuevas-instalaciones-de-multipak","status":"publish","type":"post","link":"https:\/\/zonalimitrofe-cbnr.com\/index.php\/2024\/01\/30\/durango-llega-la-tercera-gran-inversion-del-2024-a-durango-coloca-esteban-primera-piedra-de-nuevas-instalaciones-de-multipak\/","title":{"rendered":"#Durango. Llega la tercera gran inversi\u00f3n del 2024 a Durango; coloca Esteban primera piedra de nuevas instalaciones de Multipak*"},"content":{"rendered":"\n<ul>\n<li><em>Se ubicar\u00e1 en el Centro Log\u00edstico Industrial (CLID) y su construcci\u00f3n ser\u00e1 del orden de 7.4 mdd adem\u00e1s de generar 300 empleos directos e indirectos.<\/em><\/li>\n\n\n\n<li><em>La empresa de construcci\u00f3n de carretes industriales de madera para cable, favorecer\u00e1 la cadena forestal local y fortalecer\u00e1 la econom\u00eda de la entidad.<\/em><\/li>\n<\/ul>\n\n\n\n<p>Despu\u00e9s de una planeaci\u00f3n y estabilizaci\u00f3n econ\u00f3mica, ahora viene parte de los frutos del trabajo de un gran equipo que se llama Durango, expres\u00f3 el gobernador Esteban Villegas Villarreal, al colocar la primera piedra de la empresa Multipak que se ubicar\u00e1 en el Centro Log\u00edstico Industrial (CLID) y que favorecer\u00e1 la cadena forestal en la entidad.<\/p>\n\n\n\n<p>Este arranque representa una inversi\u00f3n de 7.4 millones de d\u00f3lares, la cual generar\u00e1 alrededor de 300 nuevos empleos entre directos e indirectos.<\/p>\n\n\n\n<p>Desde los patios del CLID, el Ejecutivo Estatal, junto con su esposa Marisol Rosso y los directivos de este corporativo, reconoci\u00f3 la confianza de la empresa para escoger de nueva cuenta a la entidad para su ampliaci\u00f3n, que este d\u00eda inici\u00f3 los trabajos de construcci\u00f3n, mismos que contemplan finalizar el pr\u00f3ximo mes de septiembre e iniciar operaciones a finales del 2024.<\/p>\n\n\n\n<p>Villegas Villarreal coloc\u00f3 junto con el director general de la firma Xignux, Juan Ignacio Garza Herrera, la piedra de la edificaci\u00f3n de la empresa, as\u00ed como un peque\u00f1o carrete de la empresa en el Cofre 2024, donde ya se encuentran, los s\u00edmbolos que representan tres inversiones en lo que va del a\u00f1o.<\/p>\n\n\n\n<p>&#8220;Agradezco a Esteban Villegas, por su liderazgo y visi\u00f3n para la creaci\u00f3n de un entorno propicio, su apoyo ha sido fundamental para cristalizar este proyecto&#8221;, expuso el director general de Xignux, Juan Ignacio Garza Herrera, al manifestar su alegr\u00eda de visitar el estado y celebrar este arranque; comparti\u00f3 an\u00e9cdotas de la gente de Durango, echada para adelante, que trabaja a pesar de las adversidades, como hace 30 a\u00f1os en una nevada, cuando su personal se mantuvo laborando para continuar la producci\u00f3n.<\/p>\n\n\n\n<p>El secretario de Desarrollo Econ\u00f3mico Alfredo Herrera Deras, acompa\u00f1ado del secretario del Ayuntamiento, Bonifacio Herrera, se\u00f1al\u00f3 que hay mucho que agradecer a Multipak, que desde hace 50 a\u00f1os llegaron a la entidad y siempre trabajaron con proveedur\u00eda local de m\u00e1s de 25 empresas duranguenses.<\/p>\n\n\n\n<p>Cabe destacar que Multipak naci\u00f3 en 1971 en Montemorelos, Nuevo Le\u00f3n y en 1974 migr\u00f3 operaciones a Durango; su misi\u00f3n es suministrar empaque de madera principalmente a empresas fabricantes de cable.<\/p>\n\n\n\n<p>Cuenta con m\u00e1s de 50 a\u00f1os de existencia, perteneciente a la divisi\u00f3n Viakable del conglomerado regiomontano Xignux, que tienen como objetivo crecer la capacidad, adem\u00e1s brinda empleos directos entre su planta de manufactura y aserradero, adem\u00e1s que de manera indirecta demuestra su importancia para la econom\u00eda local.<\/p>\n","protected":false},"excerpt":{"rendered":"<p>Despu\u00e9s de una planeaci\u00f3n y estabilizaci\u00f3n econ\u00f3mica, ahora viene parte de los frutos del trabajo de un gran equipo que se llama Durango, expres\u00f3 el gobernador Esteban Villegas Villarreal, al colocar la primera piedra de la empresa Multipak que se ubicar\u00e1 en el Centro Log\u00edstico Industrial (CLID) y que favorecer\u00e1 la cadena forestal en la [&hellip;]<\/p>\n","protected":false},"author":1,"featured_media":1210,"comment_status":"open","ping_status":"open","sticky":false,"template":"","format":"standard","meta":{"_monsterinsights_skip_tracking":false,"_monsterinsights_sitenote_active":false,"_monsterinsights_sitenote_note":"","_monsterinsights_sitenote_category":0,"footnotes":""},"categories":[1],"tags":[],"_links":{"self":[{"href":"https:\/\/zonalimitrofe-cbnr.com\/index.php\/wp-json\/wp\/v2\/posts\/1209"}],"collection":[{"href":"https:\/\/zonalimitrofe-cbnr.com\/index.php\/wp-json\/wp\/v2\/posts"}],"about":[{"href":"https:\/\/zonalimitrofe-cbnr.com\/index.php\/wp-json\/wp\/v2\/types\/post"}],"author":[{"embeddable":true,"href":"https:\/\/zonalimitrofe-cbnr.com\/index.php\/wp-json\/wp\/v2\/users\/1"}],"replies":[{"embeddable":true,"href":"https:\/\/zonalimitrofe-cbnr.com\/index.php\/wp-json\/wp\/v2\/comments?post=1209"}],"version-history":[{"count":1,"href":"https:\/\/zonalimitrofe-cbnr.com\/index.php\/wp-json\/wp\/v2\/posts\/1209\/revisions"}],"predecessor-version":[{"id":1211,"href":"https:\/\/zonalimitrofe-cbnr.com\/index.php\/wp-json\/wp\/v2\/posts\/1209\/revisions\/1211"}],"wp:featuredmedia":[{"embeddable":true,"href":"https:\/\/zonalimitrofe-cbnr.com\/index.php\/wp-json\/wp\/v2\/media\/1210"}],"wp:attachment":[{"href":"https:\/\/zonalimitrofe-cbnr.com\/index.php\/wp-json\/wp\/v2\/media?parent=1209"}],"wp:term":[{"taxonomy":"category","embeddable":true,"href":"https:\/\/zonalimitrofe-cbnr.com\/index.php\/wp-json\/wp\/v2\/categories?post=1209"},{"taxonomy":"post_tag","embeddable":true,"href":"https:\/\/zonalimitrofe-cbnr.com\/index.php\/wp-json\/wp\/v2\/tags?post=1209"}],"curies":[{"name":"wp","href":"https:\/\/api.w.org\/{rel}","templated":true}]}}