{"id":11831,"date":"2024-11-01T12:57:19","date_gmt":"2024-11-01T18:57:19","guid":{"rendered":"https:\/\/zonalimitrofe-cbnr.com\/?p=11831"},"modified":"2024-11-01T12:57:19","modified_gmt":"2024-11-01T18:57:19","slug":"coahuila-se-unen-por-la-salud-de-las-ninas-y-ninos-de-coahuila","status":"publish","type":"post","link":"https:\/\/zonalimitrofe-cbnr.com\/index.php\/2024\/11\/01\/coahuila-se-unen-por-la-salud-de-las-ninas-y-ninos-de-coahuila\/","title":{"rendered":"#Coahuila. SE UNEN POR LA SALUD DE LAS NI\u00d1AS Y NI\u00d1OS DE COAHUILA"},"content":{"rendered":"\n<p>\u00b7 Asiste Gobernador de Coahuila al desfile de modas \u201cCatrinas del Desierto: Visti\u00e9ndonos de M\u00e9xico\u201d del dise\u00f1ador mexicano Armando Mafud, a beneficio del DIF Coahuila para realizar cirug\u00edas auditivas a ni\u00f1as y ni\u00f1os<\/p>\n\n\n\n<p>Torre\u00f3n, Coahuila de Zaragoza; a 31 de octubre de 2024.- Como parte del trabajo conjunto entre sociedad y gobierno, se llev\u00f3 a cabo el desfile de modas \u201cCatrinas del Desierto: Visti\u00e9ndonos de M\u00e9xico\u201d, del dise\u00f1ador mexicano Armando Mafud, cuyos recursos ser\u00e1n utilizados para realizar cirug\u00edas auditivas a ni\u00f1as y ni\u00f1os coahuilenses, a trav\u00e9s del DIF Coahuila.<\/p>\n\n\n\n<p>A este evento asistieron el gobernador Manolo Jim\u00e9nez Salinas y la Presidenta honoraria del DIF estatal, Liliana Salinas Vald\u00e9s, quienes destacaron la unidad de la sociedad coahuilense.<\/p>\n\n\n\n<p>El desfile fue organizado por el DIF Coahuila en coordinaci\u00f3n con Marcela Gonz\u00e1lez Garza, y todo lo recaudado ser\u00e1 destinado a realizar cirug\u00edas auditivas de implante coclear o conducci\u00f3n \u00f3sea a ni\u00f1as y ni\u00f1os, brind\u00e1ndoles la posibilidad de mejorar su calidad de vida.<\/p>\n\n\n\n<p>Este evento no solo destac\u00f3 la importancia de la moda y el arte como expresiones culturales, sino tambi\u00e9n como medio para impulsar acciones de alto impacto social.<\/p>\n\n\n\n<p>Liliana Salinas agradeci\u00f3 a todas y todos quienes sumaron esfuerzos para recaudar fondos para atender y dar mejor calidad de vida a ni\u00f1as y ni\u00f1os coahuilenses que podr\u00e1n escuchar por primera vez en su vida a trav\u00e9s de estas cirug\u00edas, as\u00ed como al equipo m\u00e9dico que no cobrar\u00e1n sus honorarios para realizarlas.<\/p>\n\n\n\n<p>Destac\u00f3 que trabajar por la ni\u00f1ez y la juventud fue parte de los compromisos de campa\u00f1a de Manolo Jim\u00e9nez, y que, desde el primer d\u00eda de la administraci\u00f3n estatal, en coordinaci\u00f3n con el DIF, Inspira, la sociedad civil organizada y la iniciativa privada, se han enfocado en llevar acciones para darles las mejores herramientas para su presente y su futuro.<\/p>\n\n\n\n<p>La presidenta honoraria del DIF Coahuila coment\u00f3 que a menos de un a\u00f1o de que inici\u00f3 la actual gesti\u00f3n, desde esta instituci\u00f3n y de manera transversal entre todas las dependencias estatales, se han implementado estrategias y llevado a cabo m\u00faltiples acciones en favor de la ni\u00f1ez y juventud de Coahuila.<\/p>\n\n\n\n<p>\u201cEsta noche, en este gran evento de \u2018Catrinas del Desierto: Visti\u00e9ndonos de M\u00e9xico\u2019, estamos reafirmando nuestro compromiso de trabajar en equipo para brindarles mejores oportunidades a nuestras ni\u00f1as y ni\u00f1os de todas las regiones de Coahuila\u201d, mencion\u00f3.<\/p>\n\n\n\n<p>Record\u00f3 que se lanz\u00f3 la estrategia Impulso Educativo, con la que se est\u00e1n fortaleciendo becas y apoyos escolares para que las juventudes y la ni\u00f1ez tengan mejores oportunidades de desarrollo personal y profesional.<\/p>\n\n\n\n<p>De la misma manera, se instal\u00f3 el Consejo Estatal de Salud Mental y Adicciones, y se implementaron las jornadas \u201cLo que sientes importa\u201d para ense\u00f1ar y ayudar a las ni\u00f1as, ni\u00f1os y j\u00f3venes a gestionar sus emociones y mejorar su calidad de vida.<\/p>\n\n\n\n<p>Liliana Salinas agradeci\u00f3 al artista mexicano Armando Mafud, quien con sus dise\u00f1os lleva nuestras tradiciones y nuestra historia a nivel internacional, por traer y compartir su talento y pasi\u00f3n en Coahuila.<\/p>\n\n\n\n<p>El desfile de modas \u201cCatrinas del Desierto: Visti\u00e9ndonos de M\u00e9xico\u201d cont\u00f3 con la participaci\u00f3n del reconocido dise\u00f1ador Armando Mafud, quien present\u00f3 una colecci\u00f3n inspirada en la riqueza cultural de M\u00e9xico. El evento fue conducido por Rebeca de Alba, y tuvo la presentaci\u00f3n especial del cantante Pablo Montero, quien sum\u00f3 su talento a esta noble causa.<\/p>\n","protected":false},"excerpt":{"rendered":"<p>\u00b7 Asiste Gobernador de Coahuila al desfile de modas \u201cCatrinas del Desierto: Visti\u00e9ndonos de M\u00e9xico\u201d del dise\u00f1ador mexicano Armando Mafud, a beneficio del DIF Coahuila para realizar cirug\u00edas auditivas a ni\u00f1as y ni\u00f1os Torre\u00f3n, Coahuila de Zaragoza; a 31 de octubre de 2024.- Como parte del trabajo conjunto entre sociedad y gobierno, se llev\u00f3 a [&hellip;]<\/p>\n","protected":false},"author":1,"featured_media":11832,"comment_status":"open","ping_status":"open","sticky":false,"template":"","format":"standard","meta":{"_monsterinsights_skip_tracking":false,"_monsterinsights_sitenote_active":false,"_monsterinsights_sitenote_note":"","_monsterinsights_sitenote_category":0,"footnotes":""},"categories":[1],"tags":[],"_links":{"self":[{"href":"https:\/\/zonalimitrofe-cbnr.com\/index.php\/wp-json\/wp\/v2\/posts\/11831"}],"collection":[{"href":"https:\/\/zonalimitrofe-cbnr.com\/index.php\/wp-json\/wp\/v2\/posts"}],"about":[{"href":"https:\/\/zonalimitrofe-cbnr.com\/index.php\/wp-json\/wp\/v2\/types\/post"}],"author":[{"embeddable":true,"href":"https:\/\/zonalimitrofe-cbnr.com\/index.php\/wp-json\/wp\/v2\/users\/1"}],"replies":[{"embeddable":true,"href":"https:\/\/zonalimitrofe-cbnr.com\/index.php\/wp-json\/wp\/v2\/comments?post=11831"}],"version-history":[{"count":1,"href":"https:\/\/zonalimitrofe-cbnr.com\/index.php\/wp-json\/wp\/v2\/posts\/11831\/revisions"}],"predecessor-version":[{"id":11833,"href":"https:\/\/zonalimitrofe-cbnr.com\/index.php\/wp-json\/wp\/v2\/posts\/11831\/revisions\/11833"}],"wp:featuredmedia":[{"embeddable":true,"href":"https:\/\/zonalimitrofe-cbnr.com\/index.php\/wp-json\/wp\/v2\/media\/11832"}],"wp:attachment":[{"href":"https:\/\/zonalimitrofe-cbnr.com\/index.php\/wp-json\/wp\/v2\/media?parent=11831"}],"wp:term":[{"taxonomy":"category","embeddable":true,"href":"https:\/\/zonalimitrofe-cbnr.com\/index.php\/wp-json\/wp\/v2\/categories?post=11831"},{"taxonomy":"post_tag","embeddable":true,"href":"https:\/\/zonalimitrofe-cbnr.com\/index.php\/wp-json\/wp\/v2\/tags?post=11831"}],"curies":[{"name":"wp","href":"https:\/\/api.w.org\/{rel}","templated":true}]}}