{"id":1182,"date":"2024-01-30T23:14:02","date_gmt":"2024-01-30T23:14:02","guid":{"rendered":"https:\/\/zonalimitrofe-cbnr.com\/?p=1182"},"modified":"2024-01-30T23:14:02","modified_gmt":"2024-01-30T23:14:02","slug":"clubsantos-emocionado-por-volver-a-portar-estos-colores-carrillo","status":"publish","type":"post","link":"https:\/\/zonalimitrofe-cbnr.com\/index.php\/2024\/01\/30\/clubsantos-emocionado-por-volver-a-portar-estos-colores-carrillo\/","title":{"rendered":"#ClubSantos. \u201cEMOCIONADO POR VOLVER A PORTAR ESTOS COLORES\u201d: CARRILLO"},"content":{"rendered":"\n<p>\u00b7 Jordan Carrillo se integr\u00f3 a la Cantera Guerrera en 2016 con el representativo Sub 15. Posteriormente continu\u00f3 su proceso en las categor\u00edas Sub 17 y Sub 20, hasta ser promovido al Primer Equipo, con el que debut\u00f3 en el Torneo GUARD1ANES 2020.<\/p>\n\n\n\n<p>\u00b7 En abril de 2022, el futbolista sinaloense debut\u00f3 con la Selecci\u00f3n Nacional de M\u00e9xico, en partido de preparaci\u00f3n contra Guatemala.<\/p>\n\n\n\n<p>\u00b7 Los Guerreros trabajaron esta tarde en Territorio Santos Modelo, continuando su preparaci\u00f3n para recibir a Puebla el d\u00eda de ma\u00f1ana a las 21:00 horas en el Estadio Corona.<\/p>\n\n\n\n<p>Torre\u00f3n, Coahuila, a 29 de Enero de 2024.- Luego su estancia en el futbol europeo, Jordan Carrillo volvi\u00f3 a defender la playera de los Guerreros en la Liga MX. El Canterano Guerrero, quien ingres\u00f3 en el minuto 78 del partido frente a Le\u00f3n del pasado s\u00e1bado, habl\u00f3 sobre c\u00f3mo vivi\u00f3 el inicio de una nueva etapa con Santos Laguna:<\/p>\n\n\n\n<p>\u201cMe sent\u00ed muy bien, contento y emocionado m\u00e1s que nada por volver a portar estos colores y tener minutos en este Club. Claro que nos qued\u00f3 la sensaci\u00f3n de lo sucedido en el \u00faltimo minuto, pero vamos a seguir d\u00e1ndole y a exigirnos, porque tenemos una revancha este martes\u201d.<\/p>\n\n\n\n<p>Nuevamente Guerrero<\/p>\n\n\n\n<p>\u201cSantos es mi casa. Siento mucho amor por estos colores y la verdad es que me siento muy feliz de regresar y demostrar mi futbol para ayudar al equipo\u201d.<\/p>\n\n\n\n<p>Mentalidad tras su paso por el balompi\u00e9 espa\u00f1ol<\/p>\n\n\n\n<p>\u201cRegreso m\u00e1s maduro, con muchas ganas de aportarle al equipo y de que nos vaya bien. Todos esperamos que nos vaya de la mejor manera en este torneo\u201d.<\/p>\n\n\n\n<p>Volver a jugar en el Estadio Corona<\/p>\n\n\n\n<p>\u201cVa a ser muy emocionante el jugar aqu\u00ed, el tener minutos con toda la afici\u00f3n que me vio jugar hace tiempo, claro que estoy muy emocionado por jugar otra vez en esta cancha y con nuestra afici\u00f3n\u201d.<\/p>\n","protected":false},"excerpt":{"rendered":"<p>\u00b7 Jordan Carrillo se integr\u00f3 a la Cantera Guerrera en 2016 con el representativo Sub 15. Posteriormente continu\u00f3 su proceso en las categor\u00edas Sub 17 y Sub 20, hasta ser promovido al Primer Equipo, con el que debut\u00f3 en el Torneo GUARD1ANES 2020. \u00b7 En abril de 2022, el futbolista sinaloense debut\u00f3 con la Selecci\u00f3n [&hellip;]<\/p>\n","protected":false},"author":1,"featured_media":1183,"comment_status":"open","ping_status":"open","sticky":false,"template":"","format":"standard","meta":{"_monsterinsights_skip_tracking":false,"_monsterinsights_sitenote_active":false,"_monsterinsights_sitenote_note":"","_monsterinsights_sitenote_category":0,"footnotes":""},"categories":[1],"tags":[],"_links":{"self":[{"href":"https:\/\/zonalimitrofe-cbnr.com\/index.php\/wp-json\/wp\/v2\/posts\/1182"}],"collection":[{"href":"https:\/\/zonalimitrofe-cbnr.com\/index.php\/wp-json\/wp\/v2\/posts"}],"about":[{"href":"https:\/\/zonalimitrofe-cbnr.com\/index.php\/wp-json\/wp\/v2\/types\/post"}],"author":[{"embeddable":true,"href":"https:\/\/zonalimitrofe-cbnr.com\/index.php\/wp-json\/wp\/v2\/users\/1"}],"replies":[{"embeddable":true,"href":"https:\/\/zonalimitrofe-cbnr.com\/index.php\/wp-json\/wp\/v2\/comments?post=1182"}],"version-history":[{"count":1,"href":"https:\/\/zonalimitrofe-cbnr.com\/index.php\/wp-json\/wp\/v2\/posts\/1182\/revisions"}],"predecessor-version":[{"id":1184,"href":"https:\/\/zonalimitrofe-cbnr.com\/index.php\/wp-json\/wp\/v2\/posts\/1182\/revisions\/1184"}],"wp:featuredmedia":[{"embeddable":true,"href":"https:\/\/zonalimitrofe-cbnr.com\/index.php\/wp-json\/wp\/v2\/media\/1183"}],"wp:attachment":[{"href":"https:\/\/zonalimitrofe-cbnr.com\/index.php\/wp-json\/wp\/v2\/media?parent=1182"}],"wp:term":[{"taxonomy":"category","embeddable":true,"href":"https:\/\/zonalimitrofe-cbnr.com\/index.php\/wp-json\/wp\/v2\/categories?post=1182"},{"taxonomy":"post_tag","embeddable":true,"href":"https:\/\/zonalimitrofe-cbnr.com\/index.php\/wp-json\/wp\/v2\/tags?post=1182"}],"curies":[{"name":"wp","href":"https:\/\/api.w.org\/{rel}","templated":true}]}}