{"id":11806,"date":"2024-10-31T16:14:06","date_gmt":"2024-10-31T22:14:06","guid":{"rendered":"https:\/\/zonalimitrofe-cbnr.com\/?p=11806"},"modified":"2024-10-31T16:14:06","modified_gmt":"2024-10-31T22:14:06","slug":"torreon-con-mas-de-mil-400-jovenes-y-docentes-capacitados-cierran-talleres-de-educacion-vial","status":"publish","type":"post","link":"https:\/\/zonalimitrofe-cbnr.com\/index.php\/2024\/10\/31\/torreon-con-mas-de-mil-400-jovenes-y-docentes-capacitados-cierran-talleres-de-educacion-vial\/","title":{"rendered":"#Torre\u00f3n. Con m\u00e1s de mil 400 j\u00f3venes y docentes capacitados, cierran talleres de Educaci\u00f3n Vial"},"content":{"rendered":"\n<p>Torre\u00f3n, Coahuila. A 31 de octubre de 2024.<\/p>\n\n\n\n<p>Con un total de mil 471 alumnos y docentes capacitados, se llev\u00f3 a cabo la clausura de los talleres de Educaci\u00f3n Vial, as\u00ed como de la presentaci\u00f3n del programa piloto \u201cMi primera licencia\u201d, impartido en diferentes Facultades y preparatorias anexas a la Universidad Aut\u00f3noma de Coahuila (UAdeC).<\/p>\n\n\n\n<p>Los programas de capacitaci\u00f3n estuvieron a cargo de la Direcci\u00f3n de Vialidad y Movilidad Urbana de Torre\u00f3n.<\/p>\n\n\n\n<p>Luis Alberto Morales Cort\u00e9s, director de la dependencia, coment\u00f3 que la ceremonia de clausura se llev\u00f3 a cabo en el Instituto Patria de La Laguna, con la participaci\u00f3n de la coordinadora de la UAdeC Unidad Torre\u00f3n, Sandra L\u00f3pez Chavarr\u00eda, y la coordinadora del plantel, Teresa Leal Castillo.<\/p>\n\n\n\n<p>Explic\u00f3 que durante el taller se abordaron las reglas b\u00e1sicas de vialidad como son: Pir\u00e1mide de la Movilidad, estad\u00edstica y temas relacionados a la importancia de la educaci\u00f3n vial.<\/p>\n\n\n\n<p>Adem\u00e1s, se llevaron a cabo din\u00e1micas con el uso de gafas simuladoras de alcohol para concientizar a los alumnos sobre los riesgos de conducir bajo los influjos de sustancias et\u00edlicas.<\/p>\n\n\n\n<p>El director detall\u00f3 que durante la presentaci\u00f3n del programa piloto \u201cMi primera licencia\u201d, se invit\u00f3 a los alumnos de preparatoria y universitarios a participar, a fin de formar de manera integral a futuros conductores y con ello prevenir hechos viales.<\/p>\n\n\n\n<p>Indic\u00f3 que las estad\u00edsticas en Torre\u00f3n marcaron que en el a\u00f1o 2023 el 47 por ciento de los fallecidos por hechos viales eran j\u00f3venes de entre 18 y 29 a\u00f1os de edad, por lo que obtener la licencia de conducir debe dejar de considerarse como un \u201cmero tr\u00e1mite\u201d, y ser visto como una instancia de conexi\u00f3n del pr\u00f3ximo conductor con la Seguridad Vial.<\/p>\n\n\n\n<p>El funcionario resalt\u00f3 que con estas acciones la Administraci\u00f3n Municipal que encabeza el alcalde Rom\u00e1n Alberto Cepeda Gonz\u00e1lez, busca reducir los hechos de tr\u00e1nsito y concientizar a la poblaci\u00f3n sobre la importancia de contar con una adecuada capacitaci\u00f3n al conducir.<\/p>\n","protected":false},"excerpt":{"rendered":"<p>Torre\u00f3n, Coahuila. A 31 de octubre de 2024. Con un total de mil 471 alumnos y docentes capacitados, se llev\u00f3 a cabo la clausura de los talleres de Educaci\u00f3n Vial, as\u00ed como de la presentaci\u00f3n del programa piloto \u201cMi primera licencia\u201d, impartido en diferentes Facultades y preparatorias anexas a la Universidad Aut\u00f3noma de Coahuila (UAdeC). [&hellip;]<\/p>\n","protected":false},"author":1,"featured_media":11807,"comment_status":"open","ping_status":"open","sticky":false,"template":"","format":"standard","meta":{"_monsterinsights_skip_tracking":false,"_monsterinsights_sitenote_active":false,"_monsterinsights_sitenote_note":"","_monsterinsights_sitenote_category":0,"footnotes":""},"categories":[1],"tags":[],"_links":{"self":[{"href":"https:\/\/zonalimitrofe-cbnr.com\/index.php\/wp-json\/wp\/v2\/posts\/11806"}],"collection":[{"href":"https:\/\/zonalimitrofe-cbnr.com\/index.php\/wp-json\/wp\/v2\/posts"}],"about":[{"href":"https:\/\/zonalimitrofe-cbnr.com\/index.php\/wp-json\/wp\/v2\/types\/post"}],"author":[{"embeddable":true,"href":"https:\/\/zonalimitrofe-cbnr.com\/index.php\/wp-json\/wp\/v2\/users\/1"}],"replies":[{"embeddable":true,"href":"https:\/\/zonalimitrofe-cbnr.com\/index.php\/wp-json\/wp\/v2\/comments?post=11806"}],"version-history":[{"count":1,"href":"https:\/\/zonalimitrofe-cbnr.com\/index.php\/wp-json\/wp\/v2\/posts\/11806\/revisions"}],"predecessor-version":[{"id":11808,"href":"https:\/\/zonalimitrofe-cbnr.com\/index.php\/wp-json\/wp\/v2\/posts\/11806\/revisions\/11808"}],"wp:featuredmedia":[{"embeddable":true,"href":"https:\/\/zonalimitrofe-cbnr.com\/index.php\/wp-json\/wp\/v2\/media\/11807"}],"wp:attachment":[{"href":"https:\/\/zonalimitrofe-cbnr.com\/index.php\/wp-json\/wp\/v2\/media?parent=11806"}],"wp:term":[{"taxonomy":"category","embeddable":true,"href":"https:\/\/zonalimitrofe-cbnr.com\/index.php\/wp-json\/wp\/v2\/categories?post=11806"},{"taxonomy":"post_tag","embeddable":true,"href":"https:\/\/zonalimitrofe-cbnr.com\/index.php\/wp-json\/wp\/v2\/tags?post=11806"}],"curies":[{"name":"wp","href":"https:\/\/api.w.org\/{rel}","templated":true}]}}