{"id":11791,"date":"2024-10-31T15:03:13","date_gmt":"2024-10-31T21:03:13","guid":{"rendered":"https:\/\/zonalimitrofe-cbnr.com\/?p=11791"},"modified":"2024-10-31T15:03:13","modified_gmt":"2024-10-31T21:03:13","slug":"congresocoahuila-impulsa-congreso-del-estado-capacitacion-en-perspectiva-de-genero","status":"publish","type":"post","link":"https:\/\/zonalimitrofe-cbnr.com\/index.php\/2024\/10\/31\/congresocoahuila-impulsa-congreso-del-estado-capacitacion-en-perspectiva-de-genero\/","title":{"rendered":"#CongresoCoahuila. Impulsa Congreso del Estado capacitaci\u00f3n en Perspectiva de G\u00e9nero"},"content":{"rendered":"\n<p>Saltillo, Coahuila a 31 de octubre de 2024.- El Congreso del Estado de Coahuila, a trav\u00e9s de la Unidad de G\u00e9nero llev\u00f3 a cabo los d\u00edas 30 y 31 de octubre el \u201cTaller de lectura y comprensi\u00f3n b\u00e1sica de la Perspectiva de G\u00e9nero\u201d como parte del Programa Anual de Capacitaci\u00f3n 2024, mediante el cual se promueve el desarrollo personal y profesional de las y los colaboradores del Poder Legislativo as\u00ed como el conocimiento en temas de g\u00e9nero.<\/p>\n\n\n\n<p>La maestra Laura Mart\u00ednez Rivera, titular de la Unidad de G\u00e9nero y el personal de esta \u00e1rea impartieron el taller a fin de ampliar los conocimientos sobre las medidas que la comunidad y autoridades pueden implementar para fomentar la igualdad entre hombres y mujeres, prevenir toda forma de discriminaci\u00f3n en raz\u00f3n de g\u00e9nero, as\u00ed como los retos que a\u00fan existen para la igualdad y respeto a los derechos humanos de cada persona sin distinci\u00f3n alguna.<\/p>\n\n\n\n<p>Las y los participantes debatieron sobre las problem\u00e1ticas que persisten en materia de equidad de g\u00e9nero, analizando casos de estudio en \u00e1mbitos como el deporte, educaci\u00f3n y comunicaci\u00f3n, a fin de reflexionar sobre el trabajo personal y en comunidad que se puede realizar para la eliminaci\u00f3n de conductas que impiden avanzar en temas de igualdad e inclusi\u00f3n social.<\/p>\n","protected":false},"excerpt":{"rendered":"<p>Saltillo, Coahuila a 31 de octubre de 2024.- El Congreso del Estado de Coahuila, a trav\u00e9s de la Unidad de G\u00e9nero llev\u00f3 a cabo los d\u00edas 30 y 31 de octubre el \u201cTaller de lectura y comprensi\u00f3n b\u00e1sica de la Perspectiva de G\u00e9nero\u201d como parte del Programa Anual de Capacitaci\u00f3n 2024, mediante el cual se [&hellip;]<\/p>\n","protected":false},"author":1,"featured_media":11792,"comment_status":"open","ping_status":"open","sticky":false,"template":"","format":"standard","meta":{"_monsterinsights_skip_tracking":false,"_monsterinsights_sitenote_active":false,"_monsterinsights_sitenote_note":"","_monsterinsights_sitenote_category":0,"footnotes":""},"categories":[1],"tags":[],"_links":{"self":[{"href":"https:\/\/zonalimitrofe-cbnr.com\/index.php\/wp-json\/wp\/v2\/posts\/11791"}],"collection":[{"href":"https:\/\/zonalimitrofe-cbnr.com\/index.php\/wp-json\/wp\/v2\/posts"}],"about":[{"href":"https:\/\/zonalimitrofe-cbnr.com\/index.php\/wp-json\/wp\/v2\/types\/post"}],"author":[{"embeddable":true,"href":"https:\/\/zonalimitrofe-cbnr.com\/index.php\/wp-json\/wp\/v2\/users\/1"}],"replies":[{"embeddable":true,"href":"https:\/\/zonalimitrofe-cbnr.com\/index.php\/wp-json\/wp\/v2\/comments?post=11791"}],"version-history":[{"count":1,"href":"https:\/\/zonalimitrofe-cbnr.com\/index.php\/wp-json\/wp\/v2\/posts\/11791\/revisions"}],"predecessor-version":[{"id":11793,"href":"https:\/\/zonalimitrofe-cbnr.com\/index.php\/wp-json\/wp\/v2\/posts\/11791\/revisions\/11793"}],"wp:featuredmedia":[{"embeddable":true,"href":"https:\/\/zonalimitrofe-cbnr.com\/index.php\/wp-json\/wp\/v2\/media\/11792"}],"wp:attachment":[{"href":"https:\/\/zonalimitrofe-cbnr.com\/index.php\/wp-json\/wp\/v2\/media?parent=11791"}],"wp:term":[{"taxonomy":"category","embeddable":true,"href":"https:\/\/zonalimitrofe-cbnr.com\/index.php\/wp-json\/wp\/v2\/categories?post=11791"},{"taxonomy":"post_tag","embeddable":true,"href":"https:\/\/zonalimitrofe-cbnr.com\/index.php\/wp-json\/wp\/v2\/tags?post=11791"}],"curies":[{"name":"wp","href":"https:\/\/api.w.org\/{rel}","templated":true}]}}