{"id":11767,"date":"2024-10-30T16:56:32","date_gmt":"2024-10-30T22:56:32","guid":{"rendered":"https:\/\/zonalimitrofe-cbnr.com\/?p=11767"},"modified":"2024-10-30T16:56:33","modified_gmt":"2024-10-30T22:56:33","slug":"torreon-revisan-con-gremio-de-urbanistas-la-busqueda-de-un-nuevo-parque-publico-en-torreon","status":"publish","type":"post","link":"https:\/\/zonalimitrofe-cbnr.com\/index.php\/2024\/10\/30\/torreon-revisan-con-gremio-de-urbanistas-la-busqueda-de-un-nuevo-parque-publico-en-torreon\/","title":{"rendered":"#Torre\u00f3n. Revisan con gremio de urbanistas la b\u00fasqueda de un nuevo parque p\u00fablico en Torre\u00f3n"},"content":{"rendered":"\n<p><strong>Torre\u00f3n, Coahuila a 30 de octubre de 2024.-<\/strong> Con el objetivo de estrechar relaciones de comunicaci\u00f3n y colaboraci\u00f3n, adem\u00e1s de plantear la posibilidad de un nuevo parque p\u00fablico en la ciudad de Torre\u00f3n, el encargado del despacho de la Direcci\u00f3n de Ordenamiento Territorial y Urbanismo, Gustavo Mu\u00f1oz L\u00f3pez, se reuni\u00f3 este mi\u00e9rcoles con el coordinador regional de la Asociaci\u00f3n Mexicana de Urbanistas (AMU), Jos\u00e9 Antonio Ram\u00edrez Reyes, y el presidente de la Sociedad de Urbanismo de La Laguna Urbana (URBAL), Alberto Galv\u00e1n Tamayo. Mu\u00f1oz L\u00f3pez destac\u00f3 la importancia de escuchar opiniones de los diversos sectores como es el campo universitario. \u201cEs una instrucci\u00f3n del alcalde, Rom\u00e1n Alberto Cepeda Gonz\u00e1lez, tomar en cuenta a quienes tienen esa proyecci\u00f3n y conocimiento de la ciudad, por lo cual buscamos involucrar a alumnos y universidades como un primer paso. Queremos llevar a cabo el desarrollo sustentable de Torre\u00f3n, a trav\u00e9s de los diferentes acuerdos de voluntades que establezcamos\u201d, afirm\u00f3 el funcionario. Mu\u00f1oz L\u00f3pez reiter\u00f3 que la intenci\u00f3n es empezar a abrir colaboraciones con estudiantes que est\u00e9n interesados en profundizar en la parte del urbanismo, ya que es importante integrar a las nuevas generaciones en estos proyectos. Por su parte, Jos\u00e9 Antonio Ram\u00edrez Reyes, manifest\u00f3 la intenci\u00f3n del gremio de urbanistas por aportar al desarrollo de nuevos espacios p\u00fablicos. \u201cSabemos que el Alcalde est\u00e1 muy interesado en poder desarrollar equipamiento de recreaci\u00f3n para la ciudadan\u00eda, y nosotros creemos que desde el gremio de los urbanistas podemos aportar much\u00edsimo al an\u00e1lisis en los requerimientos, en la normativa, para poder tener una ciudad sostenible que pueda ser faro en M\u00e9xico, de c\u00f3mo debe ser el desarrollo urbano, coment\u00f3. Adem\u00e1s, comparti\u00f3 sobre un pr\u00f3ximo evento que tendr\u00e1n en la Universidad Aut\u00f3noma de la Laguna (UAL), donde planean una exposici\u00f3n de c\u00f3mo Torre\u00f3n puede llegar a ser una ciudad viva y cercana, que rescate su centro y pueda ser un municipio pr\u00f3spero. Alberto Galv\u00e1n Tamayo enfatiz\u00f3 que es muy importante el que se pueda proponer un pulm\u00f3n verde en la ciudad, pero es indispensable dijo, que sea integrado en el crecimiento de Torre\u00f3n, ya que los fraccionamientos y conjuntos habitacionales contin\u00faan creciendo, pero es importante combinarlo con \u00e1reas que mantengan el cuidado del medio ambiente.<\/p>\n","protected":false},"excerpt":{"rendered":"<p>Torre\u00f3n, Coahuila a 30 de octubre de 2024.- Con el objetivo de estrechar relaciones de comunicaci\u00f3n y colaboraci\u00f3n, adem\u00e1s de plantear la posibilidad de un nuevo parque p\u00fablico en la ciudad de Torre\u00f3n, el encargado del despacho de la Direcci\u00f3n de Ordenamiento Territorial y Urbanismo, Gustavo Mu\u00f1oz L\u00f3pez, se reuni\u00f3 este mi\u00e9rcoles con el coordinador [&hellip;]<\/p>\n","protected":false},"author":1,"featured_media":11768,"comment_status":"open","ping_status":"open","sticky":false,"template":"","format":"standard","meta":{"_monsterinsights_skip_tracking":false,"_monsterinsights_sitenote_active":false,"_monsterinsights_sitenote_note":"","_monsterinsights_sitenote_category":0,"footnotes":""},"categories":[1],"tags":[],"_links":{"self":[{"href":"https:\/\/zonalimitrofe-cbnr.com\/index.php\/wp-json\/wp\/v2\/posts\/11767"}],"collection":[{"href":"https:\/\/zonalimitrofe-cbnr.com\/index.php\/wp-json\/wp\/v2\/posts"}],"about":[{"href":"https:\/\/zonalimitrofe-cbnr.com\/index.php\/wp-json\/wp\/v2\/types\/post"}],"author":[{"embeddable":true,"href":"https:\/\/zonalimitrofe-cbnr.com\/index.php\/wp-json\/wp\/v2\/users\/1"}],"replies":[{"embeddable":true,"href":"https:\/\/zonalimitrofe-cbnr.com\/index.php\/wp-json\/wp\/v2\/comments?post=11767"}],"version-history":[{"count":1,"href":"https:\/\/zonalimitrofe-cbnr.com\/index.php\/wp-json\/wp\/v2\/posts\/11767\/revisions"}],"predecessor-version":[{"id":11769,"href":"https:\/\/zonalimitrofe-cbnr.com\/index.php\/wp-json\/wp\/v2\/posts\/11767\/revisions\/11769"}],"wp:featuredmedia":[{"embeddable":true,"href":"https:\/\/zonalimitrofe-cbnr.com\/index.php\/wp-json\/wp\/v2\/media\/11768"}],"wp:attachment":[{"href":"https:\/\/zonalimitrofe-cbnr.com\/index.php\/wp-json\/wp\/v2\/media?parent=11767"}],"wp:term":[{"taxonomy":"category","embeddable":true,"href":"https:\/\/zonalimitrofe-cbnr.com\/index.php\/wp-json\/wp\/v2\/categories?post=11767"},{"taxonomy":"post_tag","embeddable":true,"href":"https:\/\/zonalimitrofe-cbnr.com\/index.php\/wp-json\/wp\/v2\/tags?post=11767"}],"curies":[{"name":"wp","href":"https:\/\/api.w.org\/{rel}","templated":true}]}}