{"id":11754,"date":"2024-10-30T16:49:01","date_gmt":"2024-10-30T22:49:01","guid":{"rendered":"https:\/\/zonalimitrofe-cbnr.com\/?p=11754"},"modified":"2024-10-30T16:49:01","modified_gmt":"2024-10-30T22:49:01","slug":"uadec-toma-protesta-la-dra-irene-spigno-como-directora-de-la-aidh-de-la-uadec","status":"publish","type":"post","link":"https:\/\/zonalimitrofe-cbnr.com\/index.php\/2024\/10\/30\/uadec-toma-protesta-la-dra-irene-spigno-como-directora-de-la-aidh-de-la-uadec\/","title":{"rendered":"#UAdeC. Toma Protesta la Dra. Irene Spigno como Directora de la AIDH de la UAdeC"},"content":{"rendered":"\n<p>ARTEAGA, Coahuila. 30 de octubre de 2024. La Dra. Irene Spigno tom\u00f3 protesta como directora general de la Academia Interamericana de Derechos Humanos (AIDH) de la Universidad Aut\u00f3noma de Coahuila, asumiendo este cargo por un segundo periodo 2024-2029, tras recibir la ratificaci\u00f3n de su liderazgo por parte del Consejo Consultivo de la Academia.<\/p>\n\n\n\n<p>La ceremonia se llev\u00f3 a cabo en la Casa Morada en Campus Arteaga, con la presencia del rector de la m\u00e1xima casa de estudios, Octavio Pimentel Mart\u00ednez, los miembros del Consejo Consultivo de la AIDH, estudiantes, personal acad\u00e9mico y representantes del Gobierno del estado de Coahuila.<\/p>\n\n\n\n<p>En su mensaje, el Rector enfatiz\u00f3 que en la UAdeC se trabaja en equipo y en unidad, \u201cEn la Universidad somos uno solo en busca de una mejor sociedad, esto a trav\u00e9s de la capacitaci\u00f3n, la generaci\u00f3n de conocimiento y el apoyo a los estudiantes, somos una instituci\u00f3n fuerte que se transforma, se consolida y avanza\u201d.<\/p>\n\n\n\n<p>Pimentel Mart\u00ednez, celebr\u00f3 la decisi\u00f3n del Consejo Consultivo de la Academia de nombrar a Irene Spigno como directora para un segundo periodo y asegur\u00f3 que bajo su liderazgo la AIDH continuar\u00e1 siendo un pilar fundamental para los est\u00e1ndares educativos que la sociedad demanda.<\/p>\n\n\n\n<p>Agreg\u00f3 que la Academia ha sobresalido en diversos \u00e1mbitos, tiene un firme compromiso con la vinculaci\u00f3n con todos los sectores, y una responsabilidad social al acompa\u00f1ar a los colectivos de la sociedad civil en apoyo a sus derechos, lo que se ha conseguido gracias al gran equipo de trabajo que la conforma.<\/p>\n\n\n\n<p>Durante la toma de protesta, el rector Octavio Pimentel Mart\u00ednez, entreg\u00f3 un Pin Institucional a la directora Irene Spigno, como s\u00edmbolo de identidad y compromiso acad\u00e9mico con la Universidad y la Academia Interamericana de Derechos Humanos.<\/p>\n\n\n\n<p>Por su parte, la directora de la AIDH, Irene Spigno, coment\u00f3 que los pr\u00f3ximos cinco a\u00f1os estar\u00e1n dedicados a construir una Academia comprometida con la justicia y los derechos humanos, y afirm\u00f3 que la educaci\u00f3n es clave para la construcci\u00f3n de un mundo mejor.<\/p>\n\n\n\n<p>Por otro lado, destac\u00f3 el apoyo del rector Octavio Pimentel y el compromiso continuo del Gobierno de Coahuila con la misi\u00f3n de la Academia, al tiempo que agradeci\u00f3 al Consejo Consultivo de la AIDH por confiar en ella para dirigir durante cinco a\u00f1os m\u00e1s a la instituci\u00f3n.<\/p>\n\n\n\n<p>Irene Spigno comparti\u00f3 que dentro de los logros obtenidos durante el primer periodo (2019-2024) se encuentran los siguientes: Realizaci\u00f3n de m\u00e1s de 20 proyectos de investigaci\u00f3n en colaboraci\u00f3n con instituciones como CONAHCYT, COECYT, USAID,<\/p>\n\n\n\n<p>TEPJF y CIDH, enfocados en crear conocimientos y pol\u00edticas p\u00fablicas de impacto social; la publicaci\u00f3n de m\u00e1s de 60 libros colectivos, art\u00edculos, cap\u00edtulos de libros, informes y diagn\u00f3sticos que han aportado al \u00e1mbito de los derechos humanos desde una perspectiva comparada e internacional.<\/p>\n\n\n\n<p>Adem\u00e1s, la consolidaci\u00f3n de un cuerpo docente y de investigaci\u00f3n de alto nivel y la creaci\u00f3n de programas acad\u00e9micos \u00fanicos en Am\u00e9rica, incluyendo una licenciatura, dos maestr\u00edas y un doctorado especializados en derechos humanos.<\/p>\n\n\n\n<p>As\u00ed mismo, se\u00f1al\u00f3 que las metas para el segundo periodo (2024-2029) son: Fortalecer la AIDH como un referente de formaci\u00f3n y educaci\u00f3n en derechos humanos a nivel continental, con \u00e9nfasis en el desarrollo de proyectos de investigaci\u00f3n que aborden \u00e1reas cr\u00edticas, como el programa de salud mental para familiares de personas desaparecidas.<\/p>\n\n\n\n<p>Continuar formando j\u00f3venes profesionales en derechos humanos con una preparaci\u00f3n competitiva a nivel global, con un enfoque de humanidad y empat\u00eda para enfrentar los retos actuales y futuros y reforzar el compromiso con la educaci\u00f3n p\u00fablica de calidad, destacando la importancia de invertir en una formaci\u00f3n jur\u00eddica integral que contribuya a transformar la realidad y el sistema de justicia en M\u00e9xico y Am\u00e9rica Latina.<\/p>\n","protected":false},"excerpt":{"rendered":"<p>ARTEAGA, Coahuila. 30 de octubre de 2024. La Dra. Irene Spigno tom\u00f3 protesta como directora general de la Academia Interamericana de Derechos Humanos (AIDH) de la Universidad Aut\u00f3noma de Coahuila, asumiendo este cargo por un segundo periodo 2024-2029, tras recibir la ratificaci\u00f3n de su liderazgo por parte del Consejo Consultivo de la Academia. La ceremonia [&hellip;]<\/p>\n","protected":false},"author":1,"featured_media":11756,"comment_status":"open","ping_status":"open","sticky":false,"template":"","format":"standard","meta":{"_monsterinsights_skip_tracking":false,"_monsterinsights_sitenote_active":false,"_monsterinsights_sitenote_note":"","_monsterinsights_sitenote_category":0,"footnotes":""},"categories":[1],"tags":[],"_links":{"self":[{"href":"https:\/\/zonalimitrofe-cbnr.com\/index.php\/wp-json\/wp\/v2\/posts\/11754"}],"collection":[{"href":"https:\/\/zonalimitrofe-cbnr.com\/index.php\/wp-json\/wp\/v2\/posts"}],"about":[{"href":"https:\/\/zonalimitrofe-cbnr.com\/index.php\/wp-json\/wp\/v2\/types\/post"}],"author":[{"embeddable":true,"href":"https:\/\/zonalimitrofe-cbnr.com\/index.php\/wp-json\/wp\/v2\/users\/1"}],"replies":[{"embeddable":true,"href":"https:\/\/zonalimitrofe-cbnr.com\/index.php\/wp-json\/wp\/v2\/comments?post=11754"}],"version-history":[{"count":1,"href":"https:\/\/zonalimitrofe-cbnr.com\/index.php\/wp-json\/wp\/v2\/posts\/11754\/revisions"}],"predecessor-version":[{"id":11757,"href":"https:\/\/zonalimitrofe-cbnr.com\/index.php\/wp-json\/wp\/v2\/posts\/11754\/revisions\/11757"}],"wp:featuredmedia":[{"embeddable":true,"href":"https:\/\/zonalimitrofe-cbnr.com\/index.php\/wp-json\/wp\/v2\/media\/11756"}],"wp:attachment":[{"href":"https:\/\/zonalimitrofe-cbnr.com\/index.php\/wp-json\/wp\/v2\/media?parent=11754"}],"wp:term":[{"taxonomy":"category","embeddable":true,"href":"https:\/\/zonalimitrofe-cbnr.com\/index.php\/wp-json\/wp\/v2\/categories?post=11754"},{"taxonomy":"post_tag","embeddable":true,"href":"https:\/\/zonalimitrofe-cbnr.com\/index.php\/wp-json\/wp\/v2\/tags?post=11754"}],"curies":[{"name":"wp","href":"https:\/\/api.w.org\/{rel}","templated":true}]}}