{"id":11733,"date":"2024-10-30T16:32:58","date_gmt":"2024-10-30T22:32:58","guid":{"rendered":"https:\/\/zonalimitrofe-cbnr.com\/?p=11733"},"modified":"2024-10-30T16:32:58","modified_gmt":"2024-10-30T22:32:58","slug":"uadec-invita-uadec-a-la-cuarta-jornada-de-internacionalizacion-de-la-educacion-superior-innovacion-tecnologica-y-desarrollo-humano","status":"publish","type":"post","link":"https:\/\/zonalimitrofe-cbnr.com\/index.php\/2024\/10\/30\/uadec-invita-uadec-a-la-cuarta-jornada-de-internacionalizacion-de-la-educacion-superior-innovacion-tecnologica-y-desarrollo-humano\/","title":{"rendered":"#UAdeC. Invita UAdeC a la Cuarta Jornada de Internacionalizaci\u00f3n de la Educaci\u00f3n Superior Innovaci\u00f3n Tecnol\u00f3gica y Desarrollo Humano"},"content":{"rendered":"\n<p>SALTILLO, Coahuila. 30 de octubre de 2024. Con conferencia magistral, panel de expertos y talleres es como se llevar\u00e1 a cabo la Cuarta Jornada de Internacionalizaci\u00f3n de la Educaci\u00f3n Superior \u201cInnovaci\u00f3n Tecnol\u00f3gica y Desarrollo Humano\u201d que invita la Universidad Aut\u00f3noma de Coahuila a desarrollarse el 14 de noviembre en la Infoteca del Campus Arteaga.<\/p>\n\n\n\n<p>En conferencia de prensa, los coordinadores del evento los alumnos de s\u00e9ptimo semestre de la carrera de Ciencias de la Educaci\u00f3n, Mar\u00eda Fernanda Delgadillo y Emiliano Ram\u00edrez Chairez, de la Facultad de Ciencia, Educaci\u00f3n y Humanidades (FCEyH), la responsable de movilidad internacional de la Coordinaci\u00f3n de Relaciones Internacionales, Cecilia Garc\u00eda de la Pe\u00f1a y el secretario administrativo de la FCEyH, Juan Jos\u00e9 Mendoza Rodr\u00edguez, dieron a conocer los pormenores de la Jornada que se llevara a cabo de manera h\u00edbrida.<\/p>\n\n\n\n<p>El alumno Emiliano Ram\u00edrez Chairez, inform\u00f3 que la convocatoria es para estudiantes de nivel licenciatura de la m\u00e1xima casa de estudios, adem\u00e1s de otras instituciones de educaci\u00f3n superior, para que asistan a esta cuarta edici\u00f3n de la Jornada, que se refiere a la innovaci\u00f3n tecnol\u00f3gica como herramienta en la educaci\u00f3n y sobre el desarrollo humano para la construcci\u00f3n de un futuro m\u00e1s integral.<\/p>\n\n\n\n<p>Las actividades inician a las 9 de la ma\u00f1ana con la conferencia magistral \u201cCompetencias Interculturales: un imperativo para la sociedad global\u201d a cargo Brenda Garc\u00eda, coordinadora para Educaci\u00f3n y Cultura del Consulado de Estados Unidos en M\u00e9xico.<\/p>\n\n\n\n<p>Habr\u00e1 un panel de expertos, moderado por la estudiante Mar\u00eda Fernanda Mart\u00ednez de la Cruz, denominado \u201cDi\u00e1logo multidisciplinario sobre oportunidades y desaf\u00edos de la educaci\u00f3n superior de Am\u00e9rica\u201d, con la participaci\u00f3n de la Lic. Clara Ralo Venditti de la Universidad de Congreso Argentina, el Dr. Jes\u00fas Humberto Aguilar Esparza, del Instituto de Tecnolog\u00eda de Rochester de Nueva York y el Dr. V\u00edctor S\u00e1nchez, secretario general de la UAdeC.<\/p>\n\n\n\n<p>Ser\u00e1 un dialogo h\u00edbrido, es decir presencial y en l\u00ednea, aprovechando las herramientas tecnol\u00f3gicas que nos brinda el siglo 21, que abre puertas para la internacionalizaci\u00f3n, adem\u00e1s como parte del proyecto del Plan de Desarrollo Institucional de la Universidad, el cual establece la internacionalizaci\u00f3n de nuestros universitarios al romper barreras tecnol\u00f3gicas, de idioma y econ\u00f3micas.<\/p>\n\n\n\n<p>Adem\u00e1s, se podr\u00e1n registrar a taller sobre Movilidad Internacional, que explic\u00f3 la Ing. Cecilia Garc\u00eda de la Pe\u00f1a, para que cada vez m\u00e1s alumnos puedan tener acceso a la movilidad internacional, conocer el proceso y los requisitos para realizar una estancia en el extranjero, y sobre todo conozcan la importancia y el impacto que puede tener en sus vidas participar en este programa.<\/p>\n\n\n\n<p>El secretario administrativo de la Facultad de Ciencia, Educaci\u00f3n y Humanidades, Juan Jos\u00e9 Mendoza, inform\u00f3 que habr\u00e1 otro taller por parte de la Coordinaci\u00f3n General de Relaciones Internacionales, sobre el uso de la inteligencia artificial para la ense\u00f1anza de ingl\u00e9s, importante tema que tiene que ver con la tem\u00e1tica general de la Jornada con el desarrollo tecnol\u00f3gico.<\/p>\n\n\n\n<p>Dijo que, a trav\u00e9s de la Secretar\u00eda de Educaci\u00f3n de Coahuila, les solicitaron extender la invitaci\u00f3n a las Escuelas Normales como la Benem\u00e9rita, la de Preescolar, la de Educaci\u00f3n F\u00edsica y la Regional de Especializaci\u00f3n, precisamente como parte de las actividades educativas y el impacto de la globalizaci\u00f3n.<\/p>\n\n\n\n<p>La asistencia en gratuita, tiene cupo para 150 personas, y el registro lo pueden realizar a trav\u00e9s de https:\/\/forms.office.com\/Pages\/ResponsePage.aspx?id=gsNAcvN36kKVdjcJfbNi0Elsx8PgQv9HnKoIIdHjRb1URTBMVUxTTlNRQTdMU0dYT0JBQ1pOR05QQy4u&amp;origin=QRCode<\/p>\n\n\n\n<p>Asimismo, en los banners publicitarios de la Jornada, publicados en la p\u00e1gina de la Facultad de Ciencia Educaci\u00f3n y Humanidades.<\/p>\n","protected":false},"excerpt":{"rendered":"<p>SALTILLO, Coahuila. 30 de octubre de 2024. Con conferencia magistral, panel de expertos y talleres es como se llevar\u00e1 a cabo la Cuarta Jornada de Internacionalizaci\u00f3n de la Educaci\u00f3n Superior \u201cInnovaci\u00f3n Tecnol\u00f3gica y Desarrollo Humano\u201d que invita la Universidad Aut\u00f3noma de Coahuila a desarrollarse el 14 de noviembre en la Infoteca del Campus Arteaga. En [&hellip;]<\/p>\n","protected":false},"author":1,"featured_media":11734,"comment_status":"open","ping_status":"open","sticky":false,"template":"","format":"standard","meta":{"_monsterinsights_skip_tracking":false,"_monsterinsights_sitenote_active":false,"_monsterinsights_sitenote_note":"","_monsterinsights_sitenote_category":0,"footnotes":""},"categories":[1],"tags":[],"_links":{"self":[{"href":"https:\/\/zonalimitrofe-cbnr.com\/index.php\/wp-json\/wp\/v2\/posts\/11733"}],"collection":[{"href":"https:\/\/zonalimitrofe-cbnr.com\/index.php\/wp-json\/wp\/v2\/posts"}],"about":[{"href":"https:\/\/zonalimitrofe-cbnr.com\/index.php\/wp-json\/wp\/v2\/types\/post"}],"author":[{"embeddable":true,"href":"https:\/\/zonalimitrofe-cbnr.com\/index.php\/wp-json\/wp\/v2\/users\/1"}],"replies":[{"embeddable":true,"href":"https:\/\/zonalimitrofe-cbnr.com\/index.php\/wp-json\/wp\/v2\/comments?post=11733"}],"version-history":[{"count":1,"href":"https:\/\/zonalimitrofe-cbnr.com\/index.php\/wp-json\/wp\/v2\/posts\/11733\/revisions"}],"predecessor-version":[{"id":11735,"href":"https:\/\/zonalimitrofe-cbnr.com\/index.php\/wp-json\/wp\/v2\/posts\/11733\/revisions\/11735"}],"wp:featuredmedia":[{"embeddable":true,"href":"https:\/\/zonalimitrofe-cbnr.com\/index.php\/wp-json\/wp\/v2\/media\/11734"}],"wp:attachment":[{"href":"https:\/\/zonalimitrofe-cbnr.com\/index.php\/wp-json\/wp\/v2\/media?parent=11733"}],"wp:term":[{"taxonomy":"category","embeddable":true,"href":"https:\/\/zonalimitrofe-cbnr.com\/index.php\/wp-json\/wp\/v2\/categories?post=11733"},{"taxonomy":"post_tag","embeddable":true,"href":"https:\/\/zonalimitrofe-cbnr.com\/index.php\/wp-json\/wp\/v2\/tags?post=11733"}],"curies":[{"name":"wp","href":"https:\/\/api.w.org\/{rel}","templated":true}]}}