{"id":11711,"date":"2024-10-29T18:02:52","date_gmt":"2024-10-30T00:02:52","guid":{"rendered":"https:\/\/zonalimitrofe-cbnr.com\/?p=11711"},"modified":"2024-10-29T18:02:53","modified_gmt":"2024-10-30T00:02:53","slug":"torreon-panteon-jardines-del-carmen-abrira-sus-puertas-para-recibir-visitantes-en-el-dia-de-muertos","status":"publish","type":"post","link":"https:\/\/zonalimitrofe-cbnr.com\/index.php\/2024\/10\/29\/torreon-panteon-jardines-del-carmen-abrira-sus-puertas-para-recibir-visitantes-en-el-dia-de-muertos\/","title":{"rendered":"#Torre\u00f3n. Pante\u00f3n Jardines del Carmen abrir\u00e1 sus puertas para recibir visitantes en el D\u00eda de Muertos"},"content":{"rendered":"\n<p><strong>Torre\u00f3n, Coahuila a 29 de octubre de 2024.-<\/strong> Despu\u00e9s de realizar un an\u00e1lisis sobre la situaci\u00f3n que prevalece en el pante\u00f3n Jardines del Carmen, las autoridades municipales dieron a conocer que se abrir\u00e1 este cementerio para el ingreso de visitantes este 1 y 2 de noviembre. Sin embargo, es importante que los visitantes atiendan las recomendaciones de Protecci\u00f3n Civil para evitar cualquier tipo de incidentes, pues los riesgos siempre est\u00e1n latentes en este tipo de fechas por la cantidad de personas que acuden, por lo tanto, se exhorta a los deudos a hacer sus visitas en grupos reducidos. Jorge Luis Ju\u00e1rez Llanas, director de Protecci\u00f3n Civil y Bomberos de Torre\u00f3n, inform\u00f3 que posterior a una reuni\u00f3n con la Direcci\u00f3n de Obras P\u00fablicas, en apoyo para la interpretaci\u00f3n del dictamen del estudio realizado en este pante\u00f3n, se decidi\u00f3 que se est\u00e1 en condiciones de abrir al p\u00fablico. \u201cSe dar\u00e1 esta apertura con todos los cuidados que esto conlleva, ya que es importante recalcar que aunque el estudio arroj\u00f3 que no hay situaciones de riesgo importantes, s\u00ed es necesario tener precauciones, como lo es el caso de todos los panteones\u201d, indic\u00f3 el funcionario. Dijo que dentro de las recomendaciones que se dan para todos los panteones al ser visitados, es el que se evite subirse a las tumbas, lo cual en este cementerio es mayormente se\u00f1alado. Adem\u00e1s, mencion\u00f3 que la invitaci\u00f3n a quienes vayan a acudir a este pante\u00f3n y para resguardad la seguridad de todos, es que las visitas no sean por tiempo prolongado, que sean por grupos peque\u00f1os de personas, y caminar exclusivamente por las \u00e1reas peatonales. Ju\u00e1rez Llanas resalt\u00f3 que en este pante\u00f3n se mantendr\u00e1 un operativo especial, en donde se contar\u00e1 con la presencia de personal de Protecci\u00f3n Civil municipal, revisando de manera atenta y constantemente la situaci\u00f3n del suelo de este lugar, para de esta manera actuar de manera inmediata ante cualquier evento.<\/p>\n\n\n\n<p>\u201cVamos a desplegar el operativo con elementos de Protecci\u00f3n Civil, para que si detectamos alg\u00fan factor en el suelo que nos preocupe, se atender\u00e1 de manera inmediata. Tambi\u00e9n se trabajar\u00e1 con apoyo del personal de este pante\u00f3n\u201d, mencion\u00f3.&nbsp;<br>Indic\u00f3 que al igual que en los panteones municipales, se realizar\u00e1 la preparaci\u00f3n de este cementerio Jardines del Carmen, con acciones como fumigaci\u00f3n y abatizaci\u00f3n, esto de manera conjunta con otras dependencias municipales.<br>Dijo que el acceso a este cementerio ser\u00e1 a partir del 1 de noviembre.<br>&nbsp;<\/p>\n","protected":false},"excerpt":{"rendered":"<p>Torre\u00f3n, Coahuila a 29 de octubre de 2024.- Despu\u00e9s de realizar un an\u00e1lisis sobre la situaci\u00f3n que prevalece en el pante\u00f3n Jardines del Carmen, las autoridades municipales dieron a conocer que se abrir\u00e1 este cementerio para el ingreso de visitantes este 1 y 2 de noviembre. Sin embargo, es importante que los visitantes atiendan las [&hellip;]<\/p>\n","protected":false},"author":1,"featured_media":11712,"comment_status":"open","ping_status":"open","sticky":false,"template":"","format":"standard","meta":{"_monsterinsights_skip_tracking":false,"_monsterinsights_sitenote_active":false,"_monsterinsights_sitenote_note":"","_monsterinsights_sitenote_category":0,"footnotes":""},"categories":[1],"tags":[],"_links":{"self":[{"href":"https:\/\/zonalimitrofe-cbnr.com\/index.php\/wp-json\/wp\/v2\/posts\/11711"}],"collection":[{"href":"https:\/\/zonalimitrofe-cbnr.com\/index.php\/wp-json\/wp\/v2\/posts"}],"about":[{"href":"https:\/\/zonalimitrofe-cbnr.com\/index.php\/wp-json\/wp\/v2\/types\/post"}],"author":[{"embeddable":true,"href":"https:\/\/zonalimitrofe-cbnr.com\/index.php\/wp-json\/wp\/v2\/users\/1"}],"replies":[{"embeddable":true,"href":"https:\/\/zonalimitrofe-cbnr.com\/index.php\/wp-json\/wp\/v2\/comments?post=11711"}],"version-history":[{"count":1,"href":"https:\/\/zonalimitrofe-cbnr.com\/index.php\/wp-json\/wp\/v2\/posts\/11711\/revisions"}],"predecessor-version":[{"id":11713,"href":"https:\/\/zonalimitrofe-cbnr.com\/index.php\/wp-json\/wp\/v2\/posts\/11711\/revisions\/11713"}],"wp:featuredmedia":[{"embeddable":true,"href":"https:\/\/zonalimitrofe-cbnr.com\/index.php\/wp-json\/wp\/v2\/media\/11712"}],"wp:attachment":[{"href":"https:\/\/zonalimitrofe-cbnr.com\/index.php\/wp-json\/wp\/v2\/media?parent=11711"}],"wp:term":[{"taxonomy":"category","embeddable":true,"href":"https:\/\/zonalimitrofe-cbnr.com\/index.php\/wp-json\/wp\/v2\/categories?post=11711"},{"taxonomy":"post_tag","embeddable":true,"href":"https:\/\/zonalimitrofe-cbnr.com\/index.php\/wp-json\/wp\/v2\/tags?post=11711"}],"curies":[{"name":"wp","href":"https:\/\/api.w.org\/{rel}","templated":true}]}}