{"id":11686,"date":"2024-10-29T17:35:39","date_gmt":"2024-10-29T23:35:39","guid":{"rendered":"https:\/\/zonalimitrofe-cbnr.com\/?p=11686"},"modified":"2024-10-29T17:35:39","modified_gmt":"2024-10-29T23:35:39","slug":"durango-mi-compromiso-es-brindarles-herramientas-a-medicos-para-que-realicen-mejor-su-labor-esteban","status":"publish","type":"post","link":"https:\/\/zonalimitrofe-cbnr.com\/index.php\/2024\/10\/29\/durango-mi-compromiso-es-brindarles-herramientas-a-medicos-para-que-realicen-mejor-su-labor-esteban\/","title":{"rendered":"#Durango. Mi compromiso es brindarles herramientas a m\u00e9dicos para que realicen mejor su labor: Esteban*"},"content":{"rendered":"\n<ul>\n<li><em>Reconoce el Gobernador dedicaci\u00f3n y vocaci\u00f3n de galenos laguneros para salvar vidas todos los d\u00edas, esto en amena convivencia.<\/em><\/li>\n\n\n\n<li><em>\u201cCuenten con todo mi apoyo y respaldo para que empezando el 2025, tengan mejores condiciones\u201d:EVV.<\/em><\/li>\n\n\n\n<li><em>\u201cUsted ha cumplido su palabra de fortalecer y mejorar el Sistema de Salud en Durango: m\u00e9dico Jos\u00e9 Alberto Escobedo.<\/em><\/li>\n<\/ul>\n\n\n\n<p>G\u00f3mez Palacio, Dgo.- \u201cMi trabajo es darles lo que requieren para que hagan mejor su labor y la gente se sienta bien atendida\u201d, expres\u00f3 el gobernador Esteban Villegas Villarreal al celebrar el D\u00eda del M\u00e9dico en La Laguna con una amena convivencia, donde estuvo acompa\u00f1ado de la alcaldesa, Leticia Herrera Ale y el titular de la Secretar\u00eda de Salud, Mois\u00e9s N\u00e1jera Torres.<\/p>\n\n\n\n<p>\u201cCuenten con todo mi apoyo y todo mi respaldo para que empezando el 2025, ustedes tengan mejores condiciones\u201d, les dijo el Mandatario al reconocer el esfuerzo de doctoras y doctores de esta regi\u00f3n a quienes convoc\u00f3 a mantenerse unidos y \u201cjalar la carreta para un mismo lado\u201d, al tener como prioridad la salud de los duranguenses.<\/p>\n\n\n\n<p>&#8220;El orgullo de ser doctor se vive d\u00eda a d\u00eda en la esperanza de los pacientes, y el acompa\u00f1amiento en cada una de las etapas de la vida&#8221;, dijo el m\u00e9dico Jos\u00e9 Alberto Escobedo Reyes al agradecer al Gobernador por el apoyo para encontrar \u00e1reas de oportunidad en el sistema de salud para resolverlas y brindar las herramientas necesarias para su desarrollo como galenos.<\/p>\n\n\n\n<p>&#8220;Gobernador est\u00e1 cumplida su palabra, la cual dijo en aquel abril 2023: la salud de nuestra gente no puede esperar; usted y su esposa han fortalecido el sistema de salud, con la contrataci\u00f3n de personal, equipamiento, insumos, uniformes, entre otras cosas, que garantiza un mejor servicio y digno de los duranguenses; tenemos un sistema de salud que se esta recuperando&#8221;, destac\u00f3.<\/p>\n\n\n\n<p>\u201cUstedes han estado al pie del ca\u00f1\u00f3n, al pendiente de nuestra poblaci\u00f3n, les agradezco toda esa atenci\u00f3n que le dan a la gente, esa entrega con la que desempe\u00f1an sus funciones, pero sobre todo la labor que realizan d\u00eda a d\u00eda desde su trinchera\u201d, expres\u00f3 el titular de la Secretar\u00eda de Salud, Mois\u00e9s N\u00e1jera Torres, al refrendar que para el Gobierno de Esteban, es de suma importancia la atenci\u00f3n de calidad y calidez que se le brinda a los duranguenses.<\/p>\n\n\n\n<p>La alcaldesa, Leticia Herrera Ale, felicit\u00f3 a los m\u00e9dicos por su compromiso, entrega y pasi\u00f3n para cuidar la vida de sus pacientes, &#8220;merecen todo mi respeto por su responsabilidad para aliviar a los duranguenses&#8221;, apunt\u00f3.<\/p>\n\n\n\n<p>Para celebrar el D\u00eda del M\u00e9dico, el Gobierno Estatal les organiz\u00f3 un desayuno a las y los doctores laguneros, quienes al finalizar disfrutaron de un divertido show a cargo del showmen Andreas Zanetti.<\/p>\n","protected":false},"excerpt":{"rendered":"<p>G\u00f3mez Palacio, Dgo.- \u201cMi trabajo es darles lo que requieren para que hagan mejor su labor y la gente se sienta bien atendida\u201d, expres\u00f3 el gobernador Esteban Villegas Villarreal al celebrar el D\u00eda del M\u00e9dico en La Laguna con una amena convivencia, donde estuvo acompa\u00f1ado de la alcaldesa, Leticia Herrera Ale y el titular de [&hellip;]<\/p>\n","protected":false},"author":1,"featured_media":11687,"comment_status":"open","ping_status":"open","sticky":false,"template":"","format":"standard","meta":{"_monsterinsights_skip_tracking":false,"_monsterinsights_sitenote_active":false,"_monsterinsights_sitenote_note":"","_monsterinsights_sitenote_category":0,"footnotes":""},"categories":[1],"tags":[],"_links":{"self":[{"href":"https:\/\/zonalimitrofe-cbnr.com\/index.php\/wp-json\/wp\/v2\/posts\/11686"}],"collection":[{"href":"https:\/\/zonalimitrofe-cbnr.com\/index.php\/wp-json\/wp\/v2\/posts"}],"about":[{"href":"https:\/\/zonalimitrofe-cbnr.com\/index.php\/wp-json\/wp\/v2\/types\/post"}],"author":[{"embeddable":true,"href":"https:\/\/zonalimitrofe-cbnr.com\/index.php\/wp-json\/wp\/v2\/users\/1"}],"replies":[{"embeddable":true,"href":"https:\/\/zonalimitrofe-cbnr.com\/index.php\/wp-json\/wp\/v2\/comments?post=11686"}],"version-history":[{"count":1,"href":"https:\/\/zonalimitrofe-cbnr.com\/index.php\/wp-json\/wp\/v2\/posts\/11686\/revisions"}],"predecessor-version":[{"id":11688,"href":"https:\/\/zonalimitrofe-cbnr.com\/index.php\/wp-json\/wp\/v2\/posts\/11686\/revisions\/11688"}],"wp:featuredmedia":[{"embeddable":true,"href":"https:\/\/zonalimitrofe-cbnr.com\/index.php\/wp-json\/wp\/v2\/media\/11687"}],"wp:attachment":[{"href":"https:\/\/zonalimitrofe-cbnr.com\/index.php\/wp-json\/wp\/v2\/media?parent=11686"}],"wp:term":[{"taxonomy":"category","embeddable":true,"href":"https:\/\/zonalimitrofe-cbnr.com\/index.php\/wp-json\/wp\/v2\/categories?post=11686"},{"taxonomy":"post_tag","embeddable":true,"href":"https:\/\/zonalimitrofe-cbnr.com\/index.php\/wp-json\/wp\/v2\/tags?post=11686"}],"curies":[{"name":"wp","href":"https:\/\/api.w.org\/{rel}","templated":true}]}}