{"id":11674,"date":"2024-10-29T17:16:06","date_gmt":"2024-10-29T23:16:06","guid":{"rendered":"https:\/\/zonalimitrofe-cbnr.com\/?p=11674"},"modified":"2024-10-29T17:16:06","modified_gmt":"2024-10-29T23:16:06","slug":"uadec-celebra-facultad-de-medicina-de-la-uadec-ul-su-lxvii-aniversario-2","status":"publish","type":"post","link":"https:\/\/zonalimitrofe-cbnr.com\/index.php\/2024\/10\/29\/uadec-celebra-facultad-de-medicina-de-la-uadec-ul-su-lxvii-aniversario-2\/","title":{"rendered":"#UAdeC. Celebra Facultad de Medicina de la UAdeC UL su LXVII Aniversario"},"content":{"rendered":"\n<p>TORRE\u00d3N, Coahuila. 28 de octubre de 2024. La Facultad de Medicina Unidad Laguna de la Universidad Aut\u00f3noma de Coahuila, celebr\u00f3 su Sexag\u00e9simo S\u00e9ptimo Aniversario, su historia comenz\u00f3 el 26 de octubre de 1957 y hoy es una de las escuelas m\u00e1s reconocidas en el \u00e1mbito de la salud en el pa\u00eds.<\/p>\n\n\n\n<p>En el auditorio del plantel, se cont\u00f3 con la presencia de la coordinadora de la Unidad Laguna, Sandra L\u00f3pez Chavarr\u00eda, el director de la Facultad, Carlos Daniel Campos Torres, la secretaria acad\u00e9mica, Sandra Araceli Sicsik Ayala, la secretaria administrativa, Claudia Leticia Hern\u00e1ndez Vallejo y el presidente de la sociedad de alumnos, V\u00edctor Hugo Bretado Rojas, as\u00ed como personal docente, administrativo y estudiantes.<\/p>\n\n\n\n<p>Las actividades iniciaron con la presentaci\u00f3n de las ponencias: \u201cSemblanza Hist\u00f3rica de la Facultad de Medicina\u201d, por el titular de la c\u00e1tedra de Cardiolog\u00eda desde 1983 a 2023 y ex director, Dr. Eduardo Serna Zetina y \u201cC\u00e1ncer\u201d, a cargo del egresado de la Facultad, quien realiz\u00f3 sus estudios de Doctorado en Inmunoterapia e Inmunogen\u00e9tica del C\u00e1ncer y diversos cursos postdoctorales en Inmunolog\u00eda tumoral en Londres, Dr. Hugo de la Pe\u00f1a.<\/p>\n\n\n\n<p>La coordinadora de la Unidad Laguna, Sandra L\u00f3pez Chavarr\u00eda, se\u00f1al\u00f3 que, desde su creaci\u00f3n, la Facultad de Medicina ha estado comprometida con la formaci\u00f3n de m\u00e9dicos generales y profesionales de la salud, a trav\u00e9s de un riguroso plan de estudios que abarca cinco a\u00f1os te\u00f3rico-pr\u00e1cticos, seguidos de un internado rotatorio y un a\u00f1o de servicio social comunitario.<\/p>\n\n\n\n<p>Agreg\u00f3 que, hoy cuenta con instalaciones como el Hospital General Universitario y el Hospital Infantil Universitario, que sirven como campos cl\u00ednicos y centros de docencia e investigaci\u00f3n, \u201cEstos hospitales son testimonio de nuestro compromiso con la calidad asistencial y la formaci\u00f3n continua, adem\u00e1s, el Centro de Investigaci\u00f3n Biom\u00e9dica que refuerza nuestro objetivo de impulsar la investigaci\u00f3n y el desarrollo en diversas \u00e1reas de la salud\u201d.<\/p>\n\n\n\n<p>Por su parte, el director de la Facultad de Medicina, Daniel Campos, coment\u00f3 que es un honor estar al frente del plantel y poder celebrar un aniversario m\u00e1s, por lo que destac\u00f3 que todos los fundadores de la Facultad fueron sus maestros, quienes trabajaron y lucharon contra toda adversidad para lograr que se construyeran los dos hospitales.<\/p>\n\n\n\n<p>Se\u00f1al\u00f3 que, es muy importante conocer la historia de la Facultad de Medicina, \u201cNo es la m\u00e1s antigua, pero es muy valiosa para nuestro estado, para nuestra Universidad y para nuestra sociedad, es una facultad que es el producto de la lucha de grandes m\u00e9dicos\u201d.<\/p>\n\n\n\n<p>Como parte de la celebraci\u00f3n fueron entregados reconocimientos a los doctores: Evaristo G\u00f3mez Rivera, con especialidad en Traumatolog\u00eda y Ortopedia, por 51 a\u00f1os en el ejercicio docente, y Guillermo Mil\u00e1n Montenegro, especialista en Pediatr\u00eda con subespecialidad en Cirug\u00eda Pedi\u00e1trica por 50 a\u00f1os de trayectoria al frente de las aulas y al finalizar fueron inauguradas las instalaciones de la nueva cafeter\u00eda de la Facultad y se parti\u00f3 el pastel de aniversario con los estudiantes.<\/p>\n","protected":false},"excerpt":{"rendered":"<p>TORRE\u00d3N, Coahuila. 28 de octubre de 2024. La Facultad de Medicina Unidad Laguna de la Universidad Aut\u00f3noma de Coahuila, celebr\u00f3 su Sexag\u00e9simo S\u00e9ptimo Aniversario, su historia comenz\u00f3 el 26 de octubre de 1957 y hoy es una de las escuelas m\u00e1s reconocidas en el \u00e1mbito de la salud en el pa\u00eds. En el auditorio del [&hellip;]<\/p>\n","protected":false},"author":1,"featured_media":11675,"comment_status":"open","ping_status":"open","sticky":false,"template":"","format":"standard","meta":{"_monsterinsights_skip_tracking":false,"_monsterinsights_sitenote_active":false,"_monsterinsights_sitenote_note":"","_monsterinsights_sitenote_category":0,"footnotes":""},"categories":[1],"tags":[],"_links":{"self":[{"href":"https:\/\/zonalimitrofe-cbnr.com\/index.php\/wp-json\/wp\/v2\/posts\/11674"}],"collection":[{"href":"https:\/\/zonalimitrofe-cbnr.com\/index.php\/wp-json\/wp\/v2\/posts"}],"about":[{"href":"https:\/\/zonalimitrofe-cbnr.com\/index.php\/wp-json\/wp\/v2\/types\/post"}],"author":[{"embeddable":true,"href":"https:\/\/zonalimitrofe-cbnr.com\/index.php\/wp-json\/wp\/v2\/users\/1"}],"replies":[{"embeddable":true,"href":"https:\/\/zonalimitrofe-cbnr.com\/index.php\/wp-json\/wp\/v2\/comments?post=11674"}],"version-history":[{"count":1,"href":"https:\/\/zonalimitrofe-cbnr.com\/index.php\/wp-json\/wp\/v2\/posts\/11674\/revisions"}],"predecessor-version":[{"id":11676,"href":"https:\/\/zonalimitrofe-cbnr.com\/index.php\/wp-json\/wp\/v2\/posts\/11674\/revisions\/11676"}],"wp:featuredmedia":[{"embeddable":true,"href":"https:\/\/zonalimitrofe-cbnr.com\/index.php\/wp-json\/wp\/v2\/media\/11675"}],"wp:attachment":[{"href":"https:\/\/zonalimitrofe-cbnr.com\/index.php\/wp-json\/wp\/v2\/media?parent=11674"}],"wp:term":[{"taxonomy":"category","embeddable":true,"href":"https:\/\/zonalimitrofe-cbnr.com\/index.php\/wp-json\/wp\/v2\/categories?post=11674"},{"taxonomy":"post_tag","embeddable":true,"href":"https:\/\/zonalimitrofe-cbnr.com\/index.php\/wp-json\/wp\/v2\/tags?post=11674"}],"curies":[{"name":"wp","href":"https:\/\/api.w.org\/{rel}","templated":true}]}}