{"id":11591,"date":"2024-10-27T17:12:21","date_gmt":"2024-10-27T23:12:21","guid":{"rendered":"https:\/\/zonalimitrofe-cbnr.com\/?p=11591"},"modified":"2024-10-27T17:12:22","modified_gmt":"2024-10-27T23:12:22","slug":"durango-continuare-en-la-busqueda-de-proyectos-por-la-salud-de-duranguenses-afirma-esteban-al-reconocer-a-los-medicos","status":"publish","type":"post","link":"https:\/\/zonalimitrofe-cbnr.com\/index.php\/2024\/10\/27\/durango-continuare-en-la-busqueda-de-proyectos-por-la-salud-de-duranguenses-afirma-esteban-al-reconocer-a-los-medicos\/","title":{"rendered":"#Durango. \u201dContinuar\u00e9 en la b\u00fasqueda de proyectos por la salud de duranguenses\u201d afirma Esteban al reconocer a los m\u00e9dicos*"},"content":{"rendered":"\n<ul>\n<li><em>En conmemoraci\u00f3n de su d\u00eda, les agradece por el amor que le ponen a su trabajo; \u201cmant\u00e9ngase unidos para que a Durango le vaya bien&#8221;, los exhort\u00f3.<\/em><\/li>\n<\/ul>\n\n\n\n<p>En el Gobierno del Estado, trabajamos para que las y los m\u00e9dicos tengan las mejores condiciones para realizar su trabajo con atenci\u00f3n de calidad para los duranguenses, asegur\u00f3 el gobernador Esteban Villegas Villarreal al conmemorar, junto a su esposa Marisol Rosso Rivera, el D\u00eda del M\u00e9dico.<\/p>\n\n\n\n<p>&#8220;Vamos caminando bien, gracias a los m\u00e9dicos por el amor que le ponen a su trabajo; mant\u00e9ngase unidos para que a Durango le vaya bien&#8221;, les dijo el Mandatario a los festejados al tiempo de reconocer su trabajo, esfuerzo y dedicaci\u00f3n que le imprimen a su profesi\u00f3n desde instituciones como el IMSS, ISSSTE y la Secretar\u00eda de Salud.<\/p>\n\n\n\n<p>&#8220;Ser m\u00e9dico y ser Gobernador me ha permitido tomar decisiones en momentos complejos por los que llega a pasar el gobierno&#8221;, lo cual, tambi\u00e9n ha sido fundamental para buscar proyectos en favor de la salud como la construcci\u00f3n de un nuevo hospital del ISSSTE, la ampliaci\u00f3n de la cl\u00ednica 44, la construcci\u00f3n de un nuevo hospital regional en Santiago Papasquiaro y la Torre Materno Infantil, ya que con la llegada de las nuevas empresas y la generaci\u00f3n de m\u00e1s empleos, ser\u00e1 necesario contar con infraestructura en este rubro, y que cada vez m\u00e1s familias contar\u00e1n con seguridad social.<\/p>\n\n\n\n<p>En este encuentro con el gremio m\u00e9dico, el gobernador les inform\u00f3 que mantiene a\u00fan pl\u00e1ticas con el tema del IMSS Bienestar, sin embargo, para tomar una decisi\u00f3n, valorar\u00e1 las mejores propuestas que garanticen las condiciones laborales para el personal de salud.<\/p>\n\n\n\n<p>Mois\u00e9s N\u00e1jera Torres, titular de la Secretar\u00eda de Salud, agradeci\u00f3 el acompa\u00f1amiento del Gobernador y Marisol en estos festejos, adem\u00e1s reconoci\u00f3 el respaldo y labor de los galenos en la entidad; \u201cagradezco todo el esfuerzo que realizan desde su trinchera, desde su consultorio, desde cualquier \u00e1rea administrativa o desde donde est\u00e9n, muchas gracias por el esfuerzo que realizan, por el apoyo que me dan en lo personal, pero sobre todo el apoyo que dan al gobernador y al Gobierno del Estado para la atenci\u00f3n de toda la poblaci\u00f3n vulnerable\u201d.<\/p>\n\n\n\n<p>La jefa de la Jurisdicci\u00f3n Sanitaria No. 1, Virginia Ram\u00edrez Soto, resalt\u00f3 que el gremio m\u00e9dico es unido, fuerte y trabajador; honrado, eficaz, eficiente, pero sobre todo c\u00e1lido y humano, por lo que agradeci\u00f3 la labor que realizan d\u00eda con d\u00eda, \u201ctambi\u00e9n agradezco al Gobernador el trabajo y sensibilidad que tiene para nosotros como m\u00e9dicos\u201d, agreg\u00f3.<\/p>\n\n\n\n<p>Entre los asistentes destac\u00f3 la presencia de Claudia D\u00edaz P\u00e9rez, delegada del IMSS; Jos\u00e9 Luis Salazar Arana, director del Hospital General \u201cSantiago Ram\u00f3n y Cajal\u201d; Francisco Segovia Meza, secretario general del Sindicato de Trabajadores por la Salud Secci\u00f3n 88 y Humberto Rosales Ronquillo, presidente del Colegio M\u00e9dico de Durango.<\/p>\n","protected":false},"excerpt":{"rendered":"<p>En el Gobierno del Estado, trabajamos para que las y los m\u00e9dicos tengan las mejores condiciones para realizar su trabajo con atenci\u00f3n de calidad para los duranguenses, asegur\u00f3 el gobernador Esteban Villegas Villarreal al conmemorar, junto a su esposa Marisol Rosso Rivera, el D\u00eda del M\u00e9dico. &#8220;Vamos caminando bien, gracias a los m\u00e9dicos por el [&hellip;]<\/p>\n","protected":false},"author":1,"featured_media":11592,"comment_status":"open","ping_status":"open","sticky":false,"template":"","format":"standard","meta":{"_monsterinsights_skip_tracking":false,"_monsterinsights_sitenote_active":false,"_monsterinsights_sitenote_note":"","_monsterinsights_sitenote_category":0,"footnotes":""},"categories":[1],"tags":[],"_links":{"self":[{"href":"https:\/\/zonalimitrofe-cbnr.com\/index.php\/wp-json\/wp\/v2\/posts\/11591"}],"collection":[{"href":"https:\/\/zonalimitrofe-cbnr.com\/index.php\/wp-json\/wp\/v2\/posts"}],"about":[{"href":"https:\/\/zonalimitrofe-cbnr.com\/index.php\/wp-json\/wp\/v2\/types\/post"}],"author":[{"embeddable":true,"href":"https:\/\/zonalimitrofe-cbnr.com\/index.php\/wp-json\/wp\/v2\/users\/1"}],"replies":[{"embeddable":true,"href":"https:\/\/zonalimitrofe-cbnr.com\/index.php\/wp-json\/wp\/v2\/comments?post=11591"}],"version-history":[{"count":1,"href":"https:\/\/zonalimitrofe-cbnr.com\/index.php\/wp-json\/wp\/v2\/posts\/11591\/revisions"}],"predecessor-version":[{"id":11593,"href":"https:\/\/zonalimitrofe-cbnr.com\/index.php\/wp-json\/wp\/v2\/posts\/11591\/revisions\/11593"}],"wp:featuredmedia":[{"embeddable":true,"href":"https:\/\/zonalimitrofe-cbnr.com\/index.php\/wp-json\/wp\/v2\/media\/11592"}],"wp:attachment":[{"href":"https:\/\/zonalimitrofe-cbnr.com\/index.php\/wp-json\/wp\/v2\/media?parent=11591"}],"wp:term":[{"taxonomy":"category","embeddable":true,"href":"https:\/\/zonalimitrofe-cbnr.com\/index.php\/wp-json\/wp\/v2\/categories?post=11591"},{"taxonomy":"post_tag","embeddable":true,"href":"https:\/\/zonalimitrofe-cbnr.com\/index.php\/wp-json\/wp\/v2\/tags?post=11591"}],"curies":[{"name":"wp","href":"https:\/\/api.w.org\/{rel}","templated":true}]}}