{"id":11581,"date":"2024-10-26T14:45:03","date_gmt":"2024-10-26T20:45:03","guid":{"rendered":"https:\/\/zonalimitrofe-cbnr.com\/?p=11581"},"modified":"2024-10-26T14:45:03","modified_gmt":"2024-10-26T20:45:03","slug":"lerdo-por-mes-del-desierto-chihuahuense-realizan-mini-feria-educativa-en-parque-las-auras","status":"publish","type":"post","link":"https:\/\/zonalimitrofe-cbnr.com\/index.php\/2024\/10\/26\/lerdo-por-mes-del-desierto-chihuahuense-realizan-mini-feria-educativa-en-parque-las-auras\/","title":{"rendered":"#Lerdo. POR MES DEL DESIERTO CHIHUAHUENSE, REALIZAN MINI FERIA EDUCATIVA EN PARQUE LAS AURAS*"},"content":{"rendered":"\n<p>Lerdo, 26 de octubre 2024.\u2013 Esta semana, el departamento de Cultura del Agua del SAPAL, en colaboraci\u00f3n con el CRECO, CONAGUA y PRO Defensa del Nazas, llev\u00f3 a cabo una mini feria en el Parque &#8216;Las Auras&#8217;, como parte de las actividades de octubre, Mes del Desierto Chihuahuense. Este evento, que celebra su XXV edici\u00f3n, reuni\u00f3 a estudiantes de diversas escuelas y a la comunidad educativa en un espacio dedicado a la educaci\u00f3n ambiental y la concienciaci\u00f3n sobre el uso responsable de los recursos h\u00eddricos.<\/p>\n\n\n\n<p>Los asistentes, incluidos invitados y profesores, tuvieron la oportunidad de recorrer las instalaciones del CRECO, donde se llevaron a cabo presentaciones a trav\u00e9s del teatro gui\u00f1ol. En estas presentaciones, se abordaron las problem\u00e1ticas de las especies de peces invasores que afectan al R\u00edo Nazas, proporcionando informaci\u00f3n vital sobre la biodiversidad local. Asimismo, los visitantes pudieron explorar la esfera del CRECO, donde aprendieron sobre las \u00e1reas protegidas, y disfrutaron de un recorrido por el serpentario, el jard\u00edn bot\u00e1nico, e infograf\u00edas que ilustran la fauna del Desierto Chihuahuense.<\/p>\n\n\n\n<p>Uno de los momentos destacados de la mini feria fue la participaci\u00f3n del cine m\u00f3vil de CONAGUA, que present\u00f3 v\u00eddeos informativos sobre el uso responsable del agua. Este recurso audiovisual busc\u00f3 generar conciencia sobre la importancia de cuidar el vital l\u00edquido. Para finalizar el evento, el departamento de Cultura del Agua SAPAL ofreci\u00f3 una muestra sobre los humedales, destacando los diferentes tipos de humedales y su crucial papel en la regi\u00f3n.<\/p>\n\n\n\n<p>En La Laguna, Lerdo cuenta con su propio humedal: el Ca\u00f1\u00f3n de Fern\u00e1ndez, un ecosistema de vital importancia que no solo act\u00faa como h\u00e1bitat para diversas especies, sino que tambi\u00e9n contribuye a la regulaci\u00f3n h\u00eddrica y la mitigaci\u00f3n de inundaciones. Este humedal es un ejemplo emblem\u00e1tico de c\u00f3mo los espacios naturales pueden ofrecer soluciones a los desaf\u00edos ambientales que enfrenta la regi\u00f3n.<\/p>\n\n\n\n<p>La realizaci\u00f3n de actividades como esta mini feria es fundamental para fomentar la educaci\u00f3n ambiental y la participaci\u00f3n ciudadana. Al involucrar a los j\u00f3venes en temas de conservaci\u00f3n y sostenibilidad, se cultiva una generaci\u00f3n m\u00e1s consciente y comprometida con la protecci\u00f3n de su entorno, en busca de que, tambi\u00e9n, las pr\u00f3ximas generaciones puedan disfrutar de los recursos naturales que nos rodean.<\/p>\n","protected":false},"excerpt":{"rendered":"<p>Lerdo, 26 de octubre 2024.\u2013 Esta semana, el departamento de Cultura del Agua del SAPAL, en colaboraci\u00f3n con el CRECO, CONAGUA y PRO Defensa del Nazas, llev\u00f3 a cabo una mini feria en el Parque &#8216;Las Auras&#8217;, como parte de las actividades de octubre, Mes del Desierto Chihuahuense. Este evento, que celebra su XXV edici\u00f3n, [&hellip;]<\/p>\n","protected":false},"author":1,"featured_media":11582,"comment_status":"open","ping_status":"open","sticky":false,"template":"","format":"standard","meta":{"_monsterinsights_skip_tracking":false,"_monsterinsights_sitenote_active":false,"_monsterinsights_sitenote_note":"","_monsterinsights_sitenote_category":0,"footnotes":""},"categories":[1],"tags":[],"_links":{"self":[{"href":"https:\/\/zonalimitrofe-cbnr.com\/index.php\/wp-json\/wp\/v2\/posts\/11581"}],"collection":[{"href":"https:\/\/zonalimitrofe-cbnr.com\/index.php\/wp-json\/wp\/v2\/posts"}],"about":[{"href":"https:\/\/zonalimitrofe-cbnr.com\/index.php\/wp-json\/wp\/v2\/types\/post"}],"author":[{"embeddable":true,"href":"https:\/\/zonalimitrofe-cbnr.com\/index.php\/wp-json\/wp\/v2\/users\/1"}],"replies":[{"embeddable":true,"href":"https:\/\/zonalimitrofe-cbnr.com\/index.php\/wp-json\/wp\/v2\/comments?post=11581"}],"version-history":[{"count":1,"href":"https:\/\/zonalimitrofe-cbnr.com\/index.php\/wp-json\/wp\/v2\/posts\/11581\/revisions"}],"predecessor-version":[{"id":11583,"href":"https:\/\/zonalimitrofe-cbnr.com\/index.php\/wp-json\/wp\/v2\/posts\/11581\/revisions\/11583"}],"wp:featuredmedia":[{"embeddable":true,"href":"https:\/\/zonalimitrofe-cbnr.com\/index.php\/wp-json\/wp\/v2\/media\/11582"}],"wp:attachment":[{"href":"https:\/\/zonalimitrofe-cbnr.com\/index.php\/wp-json\/wp\/v2\/media?parent=11581"}],"wp:term":[{"taxonomy":"category","embeddable":true,"href":"https:\/\/zonalimitrofe-cbnr.com\/index.php\/wp-json\/wp\/v2\/categories?post=11581"},{"taxonomy":"post_tag","embeddable":true,"href":"https:\/\/zonalimitrofe-cbnr.com\/index.php\/wp-json\/wp\/v2\/tags?post=11581"}],"curies":[{"name":"wp","href":"https:\/\/api.w.org\/{rel}","templated":true}]}}