{"id":11543,"date":"2024-10-25T16:52:36","date_gmt":"2024-10-25T22:52:36","guid":{"rendered":"https:\/\/zonalimitrofe-cbnr.com\/?p=11543"},"modified":"2024-10-25T16:52:36","modified_gmt":"2024-10-25T22:52:36","slug":"clubsantos-frente-a-mazatlan-fc-sera-un-partido-fuerte-e-intenso-j-carrillo","status":"publish","type":"post","link":"https:\/\/zonalimitrofe-cbnr.com\/index.php\/2024\/10\/25\/clubsantos-frente-a-mazatlan-fc-sera-un-partido-fuerte-e-intenso-j-carrillo\/","title":{"rendered":"#ClubSantos. \u201cFRENTE A MAZATL\u00c1N FC SER\u00c1 UN PARTIDO FUERTE E INTENSO\u201d: J. CARRILLO"},"content":{"rendered":"\n<p>\u00b7 Luego de superar una lesi\u00f3n en la rodilla izquierda, el volante Jordan Carrillo volvi\u00f3 a la actividad con los Guerreros en el partido frente a Pachuca, ingresando en el minuto 65.<\/p>\n\n\n\n<p>\u00b7 Con una pr\u00e1ctica enfocada en aspectos t\u00e1cticos, los dirigidos por \u201cNacho\u201d Ambriz cerraron su preparaci\u00f3n de cara al compromiso frente a Mazatl\u00e1n FC, a disputarse el d\u00eda de ma\u00f1ana a las 19:00 horas en el Estadio Corona.<\/p>\n\n\n\n<p>Torre\u00f3n, Coahuila, a 24 de octubre de 2024.- Previo al compromiso del d\u00eda de ma\u00f1ana contra Mazatl\u00e1n FC, Jordan Carrillo, canterano albiverde de 22 a\u00f1os con proceso en la instituci\u00f3n desde el Torneo Apertura 2016, expres\u00f3 su sentir tras su regreso a la actividad futbol\u00edstica.<\/p>\n\n\n\n<p>\u201cMuy emocionante el haber regresado a la actividad con Santos. En los \u00faltimos d\u00edas de mi recuperaci\u00f3n sent\u00eda una desesperaci\u00f3n muy grande por volver a jugar. Ya en el terreno de juego me sent\u00ed muy bien. Ahora a seguir trabajando para estar mejor.<\/p>\n\n\n\n<p>\u201cSiempre trato de aportarle al equipo, soy un jugador que siempre busca ayudar al grupo y aportar mi granito de arena. Quiero que siempre nos salgan bien las cosas y para que eso suceda voy a sumar en lo que pueda\u201d.<\/p>\n\n\n\n<p>Compromiso frente a los Ca\u00f1oneros<\/p>\n\n\n\n<p>\u201cVa a ser un partido fuerte e intenso. Mazatl\u00e1n FC es un buen equipo, pero nosotros nos estamos preparando bien para llegar con todo al encuentro de ma\u00f1ana\u201d.<\/p>\n","protected":false},"excerpt":{"rendered":"<p>\u00b7 Luego de superar una lesi\u00f3n en la rodilla izquierda, el volante Jordan Carrillo volvi\u00f3 a la actividad con los Guerreros en el partido frente a Pachuca, ingresando en el minuto 65. \u00b7 Con una pr\u00e1ctica enfocada en aspectos t\u00e1cticos, los dirigidos por \u201cNacho\u201d Ambriz cerraron su preparaci\u00f3n de cara al compromiso frente a Mazatl\u00e1n [&hellip;]<\/p>\n","protected":false},"author":1,"featured_media":11544,"comment_status":"open","ping_status":"open","sticky":false,"template":"","format":"standard","meta":{"_monsterinsights_skip_tracking":false,"_monsterinsights_sitenote_active":false,"_monsterinsights_sitenote_note":"","_monsterinsights_sitenote_category":0,"footnotes":""},"categories":[1],"tags":[],"_links":{"self":[{"href":"https:\/\/zonalimitrofe-cbnr.com\/index.php\/wp-json\/wp\/v2\/posts\/11543"}],"collection":[{"href":"https:\/\/zonalimitrofe-cbnr.com\/index.php\/wp-json\/wp\/v2\/posts"}],"about":[{"href":"https:\/\/zonalimitrofe-cbnr.com\/index.php\/wp-json\/wp\/v2\/types\/post"}],"author":[{"embeddable":true,"href":"https:\/\/zonalimitrofe-cbnr.com\/index.php\/wp-json\/wp\/v2\/users\/1"}],"replies":[{"embeddable":true,"href":"https:\/\/zonalimitrofe-cbnr.com\/index.php\/wp-json\/wp\/v2\/comments?post=11543"}],"version-history":[{"count":1,"href":"https:\/\/zonalimitrofe-cbnr.com\/index.php\/wp-json\/wp\/v2\/posts\/11543\/revisions"}],"predecessor-version":[{"id":11545,"href":"https:\/\/zonalimitrofe-cbnr.com\/index.php\/wp-json\/wp\/v2\/posts\/11543\/revisions\/11545"}],"wp:featuredmedia":[{"embeddable":true,"href":"https:\/\/zonalimitrofe-cbnr.com\/index.php\/wp-json\/wp\/v2\/media\/11544"}],"wp:attachment":[{"href":"https:\/\/zonalimitrofe-cbnr.com\/index.php\/wp-json\/wp\/v2\/media?parent=11543"}],"wp:term":[{"taxonomy":"category","embeddable":true,"href":"https:\/\/zonalimitrofe-cbnr.com\/index.php\/wp-json\/wp\/v2\/categories?post=11543"},{"taxonomy":"post_tag","embeddable":true,"href":"https:\/\/zonalimitrofe-cbnr.com\/index.php\/wp-json\/wp\/v2\/tags?post=11543"}],"curies":[{"name":"wp","href":"https:\/\/api.w.org\/{rel}","templated":true}]}}