{"id":11540,"date":"2024-10-25T16:50:56","date_gmt":"2024-10-25T22:50:56","guid":{"rendered":"https:\/\/zonalimitrofe-cbnr.com\/?p=11540"},"modified":"2024-10-25T16:50:56","modified_gmt":"2024-10-25T22:50:56","slug":"durango-gobierno-encabezado-por-esteban-villegas-arranca-feria-por-la-inclusion-laboral-en-la-region-laguna-de-durango","status":"publish","type":"post","link":"https:\/\/zonalimitrofe-cbnr.com\/index.php\/2024\/10\/25\/durango-gobierno-encabezado-por-esteban-villegas-arranca-feria-por-la-inclusion-laboral-en-la-region-laguna-de-durango\/","title":{"rendered":"#Durango. GOBIERNO ENCABEZADO POR ESTEBAN VILLEGAS ARRANCA FERIA POR LA INCLUSI\u00d3N LABORAL EN LA REGI\u00d3N LAGUNA DE DURANGO"},"content":{"rendered":"\n<ul>\n<li>Se ofertaron 400 vacantes de empleo en G\u00f3mez Palacio<\/li>\n<\/ul>\n\n\n\n<p>Comarca Lagunera.- Para el Gobierno encabezado por Esteban Villegas Villarreal, generar empleos mejor remunerados para los duranguenses es una prioridad, que tiene el prop\u00f3sito de brindar condiciones necesarias para una mejor calidad de vida para todos los que habitan en la entidad; es por ello que el d\u00eda de hoy se llev\u00f3 a cabo la Feria Nacional del Empleo para la Inclusi\u00f3n Laboral, en Gimnasio Municipal Luis L. Vargas de G\u00f3mez Palacio, donde se ofertaron cerca de 400 vacantes.<\/p>\n\n\n\n<p>La bienvenida estuvo a cargo del Titular de la Unidad de Atracci\u00f3n de Inversi\u00f3n Extranjera, Arturo Ortiz Gal\u00e1n, quien hizo un agradecimiento a las empresas y asegur\u00f3 que el gobierno del Estado de Durango encabezado por Esteban ha seguido tocando puertas en diferentes pa\u00edses para traer a Durango oportunidades de trabajo bien pagadas que contribuyan al desarrollo y en beneficio de la calidad de vida de todos.<\/p>\n\n\n\n<p>Record\u00f3, que de las 32 inversiones que anunci\u00f3 el gobernador para el Estado durante sus primeros 2 a\u00f1os de gesti\u00f3n; de las cuales 16 estar\u00e1n en la regi\u00f3n Laguna de Durango y gracias a ello se lograron concretar 16 mil empleos.<\/p>\n\n\n\n<p>En representaci\u00f3n del gobernador Esteban Villegas, acudi\u00f3 la secretaria del Trabajo y Previsi\u00f3n Social del Estado de Durango, Bel\u00e9n Berenice Morales de \u00c1vila, quien destac\u00f3 que el objetivo de la Feria es apoyar a los grupos vulnerables, personas con discapacidad, migrantes, personas de la comunidad LGBTIQ+, personas que han sufrido alg\u00fan tipo de delito, madres solteras, entre otras situaciones, para apoyarles a conseguir un empleo digno, experiencia laboral o poder generar un ingreso y de esta manera contribuir a la econom\u00eda familiar y a lograr mejorar sus condiciones de vida.<\/p>\n\n\n\n<p>\u201cEs importante que se abran estos espacios para este grupo de personas que, si bien es cierto, se diferencian por este tipo de condiciones, no hay diferencias para<\/p>\n\n\n\n<p>que tengan el acceso a un trabajo digno. Esto en busca de permitir la mejora de calidad de vida de su n\u00facleo familiar\u201d, apunt\u00f3 la secretaria.<\/p>\n\n\n\n<p>Las empresas que formaron parte de esta actividad pertenecen a los giros de; seguridad, alimento, cadenas comerciales, medicina, transporte, zapater\u00edas, cadenas comerciales, universidades y maquiladoras.<\/p>\n\n\n\n<p>Destac\u00f3 que, gracias al respaldo brindado por parte del mandatario estatal, a trav\u00e9s con la Secretar\u00eda de Desarrollo Econ\u00f3mico y la Secretar\u00eda del Trabajo se han abierto estos espacios, algunos de ellos pensados para personas con discapacidad motriz, discapacidad intelectual, discapacidad visual o discapacidad auditiva.<\/p>\n","protected":false},"excerpt":{"rendered":"<p>Comarca Lagunera.- Para el Gobierno encabezado por Esteban Villegas Villarreal, generar empleos mejor remunerados para los duranguenses es una prioridad, que tiene el prop\u00f3sito de brindar condiciones necesarias para una mejor calidad de vida para todos los que habitan en la entidad; es por ello que el d\u00eda de hoy se llev\u00f3 a cabo la [&hellip;]<\/p>\n","protected":false},"author":1,"featured_media":11541,"comment_status":"open","ping_status":"open","sticky":false,"template":"","format":"standard","meta":{"_monsterinsights_skip_tracking":false,"_monsterinsights_sitenote_active":false,"_monsterinsights_sitenote_note":"","_monsterinsights_sitenote_category":0,"footnotes":""},"categories":[1],"tags":[],"_links":{"self":[{"href":"https:\/\/zonalimitrofe-cbnr.com\/index.php\/wp-json\/wp\/v2\/posts\/11540"}],"collection":[{"href":"https:\/\/zonalimitrofe-cbnr.com\/index.php\/wp-json\/wp\/v2\/posts"}],"about":[{"href":"https:\/\/zonalimitrofe-cbnr.com\/index.php\/wp-json\/wp\/v2\/types\/post"}],"author":[{"embeddable":true,"href":"https:\/\/zonalimitrofe-cbnr.com\/index.php\/wp-json\/wp\/v2\/users\/1"}],"replies":[{"embeddable":true,"href":"https:\/\/zonalimitrofe-cbnr.com\/index.php\/wp-json\/wp\/v2\/comments?post=11540"}],"version-history":[{"count":1,"href":"https:\/\/zonalimitrofe-cbnr.com\/index.php\/wp-json\/wp\/v2\/posts\/11540\/revisions"}],"predecessor-version":[{"id":11542,"href":"https:\/\/zonalimitrofe-cbnr.com\/index.php\/wp-json\/wp\/v2\/posts\/11540\/revisions\/11542"}],"wp:featuredmedia":[{"embeddable":true,"href":"https:\/\/zonalimitrofe-cbnr.com\/index.php\/wp-json\/wp\/v2\/media\/11541"}],"wp:attachment":[{"href":"https:\/\/zonalimitrofe-cbnr.com\/index.php\/wp-json\/wp\/v2\/media?parent=11540"}],"wp:term":[{"taxonomy":"category","embeddable":true,"href":"https:\/\/zonalimitrofe-cbnr.com\/index.php\/wp-json\/wp\/v2\/categories?post=11540"},{"taxonomy":"post_tag","embeddable":true,"href":"https:\/\/zonalimitrofe-cbnr.com\/index.php\/wp-json\/wp\/v2\/tags?post=11540"}],"curies":[{"name":"wp","href":"https:\/\/api.w.org\/{rel}","templated":true}]}}