{"id":11513,"date":"2024-10-25T16:27:29","date_gmt":"2024-10-25T22:27:29","guid":{"rendered":"https:\/\/zonalimitrofe-cbnr.com\/?p=11513"},"modified":"2024-10-25T16:27:29","modified_gmt":"2024-10-25T22:27:29","slug":"lerdo-gobierno-municipal-de-lerdo-avanza-con-proyecto-de-rescate-de-espacio-deportivo-en-la-carpa","status":"publish","type":"post","link":"https:\/\/zonalimitrofe-cbnr.com\/index.php\/2024\/10\/25\/lerdo-gobierno-municipal-de-lerdo-avanza-con-proyecto-de-rescate-de-espacio-deportivo-en-la-carpa\/","title":{"rendered":"#Lerdo. GOBIERNO MUNICIPAL DE LERDO AVANZA CON PROYECTO DE RESCATE DE ESPACIO DEPORTIVO EN LA CARPA*"},"content":{"rendered":"\n<p>Lerdo, 25 de octubre de 2024.- El Gobierno Municipal de Lerdo contin\u00faa avanzando en el proyecto de rescate de un espacio deportivo y de convivencia para los habitantes de la comunidad de La Carpa. Hasta el momento, se ha logrado la construcci\u00f3n de un domo p\u00fablico, y actualmente se trabaja en la nivelaci\u00f3n del terreno para la construcci\u00f3n de una cancha de usos m\u00faltiples.<\/p>\n\n\n\n<p>Este proyecto, impulsado por el Presidente Municipal, Homero Mart\u00ednez Cabrera, tiene como objetivo transformar un terreno que anteriormente fue utilizado como cuartel militar, convirti\u00e9ndolo en un espacio dedicado a la actividad f\u00edsica y recreativa. Adem\u00e1s, se contempla la rehabilitaci\u00f3n de un Centro Comunitario y un parque p\u00fablico, con una inversi\u00f3n total de 3.9 millones de pesos.<\/p>\n\n\n\n<p>El Alcalde, Homero Mart\u00ednez, ha instruido a la Direcci\u00f3n de Obras P\u00fablicas para agilizar los trabajos, asegurando que este proyecto, junto a otras obras en ejecuci\u00f3n, se finalizar\u00e1n en tiempo y forma. Una vez concluidos, estos espacios formar\u00e1n parte del patrimonio municipal, brindando a la comunidad un lugar adecuado para el deporte y la convivencia social.<\/p>\n\n\n\n<p>El proyecto incluye la construcci\u00f3n de un domo y una cancha de usos m\u00faltiples, equipada con juegos infantiles, iluminaci\u00f3n, aparatos de ejercicio, bebederos y bancas p\u00fablicas. Asimismo, se construir\u00e1 un Centro Comunitario, que ser\u00e1 administrado por el Sistema DIF Lerdo, ofreciendo a los habitantes un espacio integral de esparcimiento y apoyo comunitario.<\/p>\n","protected":false},"excerpt":{"rendered":"<p>Lerdo, 25 de octubre de 2024.- El Gobierno Municipal de Lerdo contin\u00faa avanzando en el proyecto de rescate de un espacio deportivo y de convivencia para los habitantes de la comunidad de La Carpa. Hasta el momento, se ha logrado la construcci\u00f3n de un domo p\u00fablico, y actualmente se trabaja en la nivelaci\u00f3n del terreno [&hellip;]<\/p>\n","protected":false},"author":1,"featured_media":11514,"comment_status":"open","ping_status":"open","sticky":false,"template":"","format":"standard","meta":{"_monsterinsights_skip_tracking":false,"_monsterinsights_sitenote_active":false,"_monsterinsights_sitenote_note":"","_monsterinsights_sitenote_category":0,"footnotes":""},"categories":[1],"tags":[],"_links":{"self":[{"href":"https:\/\/zonalimitrofe-cbnr.com\/index.php\/wp-json\/wp\/v2\/posts\/11513"}],"collection":[{"href":"https:\/\/zonalimitrofe-cbnr.com\/index.php\/wp-json\/wp\/v2\/posts"}],"about":[{"href":"https:\/\/zonalimitrofe-cbnr.com\/index.php\/wp-json\/wp\/v2\/types\/post"}],"author":[{"embeddable":true,"href":"https:\/\/zonalimitrofe-cbnr.com\/index.php\/wp-json\/wp\/v2\/users\/1"}],"replies":[{"embeddable":true,"href":"https:\/\/zonalimitrofe-cbnr.com\/index.php\/wp-json\/wp\/v2\/comments?post=11513"}],"version-history":[{"count":1,"href":"https:\/\/zonalimitrofe-cbnr.com\/index.php\/wp-json\/wp\/v2\/posts\/11513\/revisions"}],"predecessor-version":[{"id":11515,"href":"https:\/\/zonalimitrofe-cbnr.com\/index.php\/wp-json\/wp\/v2\/posts\/11513\/revisions\/11515"}],"wp:featuredmedia":[{"embeddable":true,"href":"https:\/\/zonalimitrofe-cbnr.com\/index.php\/wp-json\/wp\/v2\/media\/11514"}],"wp:attachment":[{"href":"https:\/\/zonalimitrofe-cbnr.com\/index.php\/wp-json\/wp\/v2\/media?parent=11513"}],"wp:term":[{"taxonomy":"category","embeddable":true,"href":"https:\/\/zonalimitrofe-cbnr.com\/index.php\/wp-json\/wp\/v2\/categories?post=11513"},{"taxonomy":"post_tag","embeddable":true,"href":"https:\/\/zonalimitrofe-cbnr.com\/index.php\/wp-json\/wp\/v2\/tags?post=11513"}],"curies":[{"name":"wp","href":"https:\/\/api.w.org\/{rel}","templated":true}]}}