{"id":11483,"date":"2024-10-24T17:21:44","date_gmt":"2024-10-24T23:21:44","guid":{"rendered":"https:\/\/zonalimitrofe-cbnr.com\/?p=11483"},"modified":"2024-10-24T17:21:45","modified_gmt":"2024-10-24T23:21:45","slug":"durango-educacion-lagunera-da-un-paso-adelante-con-aulas-digitales-entregadas-por-gobernador-esteban-maestros-y-padres-de-familia","status":"publish","type":"post","link":"https:\/\/zonalimitrofe-cbnr.com\/index.php\/2024\/10\/24\/durango-educacion-lagunera-da-un-paso-adelante-con-aulas-digitales-entregadas-por-gobernador-esteban-maestros-y-padres-de-familia\/","title":{"rendered":"#Durango. Educaci\u00f3n lagunera da un paso adelante con aulas digitales entregadas por Gobernador Esteban: maestros y padres de familia*"},"content":{"rendered":"\n<ul>\n<li><em>Comunidad estudiantil reconoce que Esteban Villegas tenga en su lista de prioridades la actualizaci\u00f3n de la educaci\u00f3n en Durango.<\/em><\/li>\n\n\n\n<li><em>\u201dDurango tiene un gobernador que sabe lo que la ni\u00f1ez necesita para su desarrollo.\u201d<\/em><\/li>\n<\/ul>\n\n\n\n<p>Luego que el gobernador Esteban Villegas Villarreal diera inicio a la segunda etapa de entrega de aulas digitales en la regi\u00f3n Laguna, la comunidad estudiantil, docentes y padres de familia, coincidieron en que este es un paso muy importante para la educaci\u00f3n y reconocieron que desde el inicio de la Administraci\u00f3n, han sentido el apoyo del Mandatario Estatal, no s\u00f3lo en la capital, sino para todo el estado.<\/p>\n\n\n\n<p>El asesor t\u00e9cnico pedag\u00f3gico en lenguaje oral y escrito en primarias, Vicente Ruelas Flores, recalc\u00f3 que este es un momento hist\u00f3rico para Durango, ya que se tiene un Gobernador que sabe lo que la ni\u00f1ez necesita para un buen desarrollo, \u201cEsteban sabe lo que est\u00e1 haciendo y diciendo, lo confirmamos con este tipo de tecnolog\u00edas que nos trae a las aulas; pasar de un pintarr\u00f3n a las aulas digitales, es un gran paso, que sobre todo va a captar m\u00e1s la atenci\u00f3n de nuestros alumnos\u201d, a\u00f1adi\u00f3.<\/p>\n\n\n\n<p>Zaira Rodr\u00edguez, que realiza sus pr\u00e1cticas frente a grupo, asegur\u00f3 que este novedoso esquema rompe con todo el proceso acostumbrado, y ella, como los dem\u00e1s docentes est\u00e1n listos y dispuestos a actualizarse para estar a la vanguardia en la educaci\u00f3n de los estudiante; \u201cnos va a beneficiar porque no todos los ni\u00f1os aprenden de la misma forma y con estas aulas virtuales va a ser un proceso muy interesante, muchas gracias al Gobernador por tener a Durango en su listado de actualizaci\u00f3n, y por su disposici\u00f3n para sacar adelante al estado\u201d, agreg\u00f3.<\/p>\n\n\n\n<p>Por su parte, Adelita Espinoza Due\u00f1es, maestra practicante, dijo que se espera una gran respuesta por parte de los alumnos, ya que esta forma de aprender es muy atractiva y atrae la atenci\u00f3n de los ni\u00f1os y j\u00f3venes, \u201cahorita todos estaban muy emocionados con los juegos, se me hace una estrategia muy buena, hay distintos estilos de aprendizaje, pero la mayor\u00eda quieren estar haciendo, manipulando, observando y que mejor que aprender con estos programas\u201d, expres\u00f3.<\/p>\n\n\n\n<p>El director de la primaria \u201cJos\u00e9 Vasconcelos\u201d, Domingo Mijares G\u00e1miz, felicit\u00f3 a Esteban y consider\u00f3 que estas acciones son de provecho para toda la comunidad educativa; \u201cexcelente trabajo el que est\u00e1 realizando nuestro Gobernador, adem\u00e1s de apoyar, siempre ha mostrado su inter\u00e9s por la ni\u00f1ez duranguense, esperamos que nos siga apoyando con estos y muchos m\u00e1s programas\u201d.<\/p>\n\n\n\n<p>La nueva forma de aprender en las aulas que impulsa el Gobierno de Esteban, viene a revolucionar la educaci\u00f3n en la entidad, genera un mejor desarrollo para todos, as\u00ed como una nueva generaci\u00f3n, m\u00e1s fuerte, capaz y luchadora.<\/p>\n","protected":false},"excerpt":{"rendered":"<p>Luego que el gobernador Esteban Villegas Villarreal diera inicio a la segunda etapa de entrega de aulas digitales en la regi\u00f3n Laguna, la comunidad estudiantil, docentes y padres de familia, coincidieron en que este es un paso muy importante para la educaci\u00f3n y reconocieron que desde el inicio de la Administraci\u00f3n, han sentido el apoyo [&hellip;]<\/p>\n","protected":false},"author":1,"featured_media":11484,"comment_status":"open","ping_status":"open","sticky":false,"template":"","format":"standard","meta":{"_monsterinsights_skip_tracking":false,"_monsterinsights_sitenote_active":false,"_monsterinsights_sitenote_note":"","_monsterinsights_sitenote_category":0,"footnotes":""},"categories":[1],"tags":[],"_links":{"self":[{"href":"https:\/\/zonalimitrofe-cbnr.com\/index.php\/wp-json\/wp\/v2\/posts\/11483"}],"collection":[{"href":"https:\/\/zonalimitrofe-cbnr.com\/index.php\/wp-json\/wp\/v2\/posts"}],"about":[{"href":"https:\/\/zonalimitrofe-cbnr.com\/index.php\/wp-json\/wp\/v2\/types\/post"}],"author":[{"embeddable":true,"href":"https:\/\/zonalimitrofe-cbnr.com\/index.php\/wp-json\/wp\/v2\/users\/1"}],"replies":[{"embeddable":true,"href":"https:\/\/zonalimitrofe-cbnr.com\/index.php\/wp-json\/wp\/v2\/comments?post=11483"}],"version-history":[{"count":1,"href":"https:\/\/zonalimitrofe-cbnr.com\/index.php\/wp-json\/wp\/v2\/posts\/11483\/revisions"}],"predecessor-version":[{"id":11485,"href":"https:\/\/zonalimitrofe-cbnr.com\/index.php\/wp-json\/wp\/v2\/posts\/11483\/revisions\/11485"}],"wp:featuredmedia":[{"embeddable":true,"href":"https:\/\/zonalimitrofe-cbnr.com\/index.php\/wp-json\/wp\/v2\/media\/11484"}],"wp:attachment":[{"href":"https:\/\/zonalimitrofe-cbnr.com\/index.php\/wp-json\/wp\/v2\/media?parent=11483"}],"wp:term":[{"taxonomy":"category","embeddable":true,"href":"https:\/\/zonalimitrofe-cbnr.com\/index.php\/wp-json\/wp\/v2\/categories?post=11483"},{"taxonomy":"post_tag","embeddable":true,"href":"https:\/\/zonalimitrofe-cbnr.com\/index.php\/wp-json\/wp\/v2\/tags?post=11483"}],"curies":[{"name":"wp","href":"https:\/\/api.w.org\/{rel}","templated":true}]}}