{"id":11477,"date":"2024-10-24T17:13:29","date_gmt":"2024-10-24T23:13:29","guid":{"rendered":"https:\/\/zonalimitrofe-cbnr.com\/?p=11477"},"modified":"2024-10-24T17:13:29","modified_gmt":"2024-10-24T23:13:29","slug":"gp-ayuntamiento-de-gomez-palacio-invita-a-la-tradicional-celebracion-del-dia-de-muertos","status":"publish","type":"post","link":"https:\/\/zonalimitrofe-cbnr.com\/index.php\/2024\/10\/24\/gp-ayuntamiento-de-gomez-palacio-invita-a-la-tradicional-celebracion-del-dia-de-muertos\/","title":{"rendered":"#GP. Ayuntamiento de G\u00f3mez Palacio invita a la tradicional celebraci\u00f3n del D\u00eda de Muertos*"},"content":{"rendered":"\n<p>Buscando fortalecer las tradiciones que nos dan identidad, el Ayuntamiento de G\u00f3mez Palacio, a trav\u00e9s de la Direcci\u00f3n de Arte y Cultura, realizar\u00e1 la Fiesta del Mictl\u00e1n \u201cNuestros Muertos, Nuestras Estrellas\u201d.<\/p>\n\n\n\n<p>Melissa Reuter P\u00e9rez, titular de Arte y Cultura, mencion\u00f3 que con motivo de la celebraci\u00f3n del D\u00eda de Muertos, se llevar\u00e1 a cabo esta festividad el pr\u00f3ximo viernes 1 de noviembre a las 18:30 horas en la explanada de la Presidencia Municipal.<\/p>\n\n\n\n<p>La funcionaria extendi\u00f3 la invitaci\u00f3n al evento que iniciar\u00e1 en la Plaza de Armas, donde comenzar\u00e1 la procesi\u00f3n encabezada por alumnos y maestros de la Banda Escuela Alberto M. Alvarado, recorriendo la calle Independencia, hasta llegar a la explanada de la Presidencia Municipal.<\/p>\n\n\n\n<p>Reuter P\u00e9rez destac\u00f3 que frente a la Presidencia Municipal, se ofrecer\u00e1 un espect\u00e1culo de danza que representa la fiesta de las \u00e1nimas o fiesta de los esp\u00edritus \u201cXantolo\u201d, en la que participar\u00e1n varios grupos de ballet folcl\u00f3rico de nuestro municipio.<\/p>\n\n\n\n<p>La Presidenta Municipal Leticia Herrera Ale ha brindado todo el apoyo para que esta festividad se lleve a cabo, fomentando actividades que ayuden a conservar las tradiciones y cultura que nos dan identidad y generando espacios de convivencia y esparcimiento para las familias.<\/p>\n\n\n\n<p>La titular de Arte y Cultura mencion\u00f3 que los asistentes a estas festividades podr\u00e1n disfrutar del tradicional altar de muertos, que en esta ocasi\u00f3n ser\u00e1 dedicado a la memoria de los expresidentes de este municipio. Adem\u00e1s, se realizar\u00e1 la instalaci\u00f3n de cr\u00e1neos y decoraci\u00f3n alusiva al D\u00eda de Muertos, para que el pueblo de G\u00f3mez Palacio pueda disfrutar y pasar un tiempo de sano esparcimiento.<\/p>\n","protected":false},"excerpt":{"rendered":"<p>Buscando fortalecer las tradiciones que nos dan identidad, el Ayuntamiento de G\u00f3mez Palacio, a trav\u00e9s de la Direcci\u00f3n de Arte y Cultura, realizar\u00e1 la Fiesta del Mictl\u00e1n \u201cNuestros Muertos, Nuestras Estrellas\u201d. Melissa Reuter P\u00e9rez, titular de Arte y Cultura, mencion\u00f3 que con motivo de la celebraci\u00f3n del D\u00eda de Muertos, se llevar\u00e1 a cabo esta [&hellip;]<\/p>\n","protected":false},"author":1,"featured_media":11478,"comment_status":"open","ping_status":"open","sticky":false,"template":"","format":"standard","meta":{"_monsterinsights_skip_tracking":false,"_monsterinsights_sitenote_active":false,"_monsterinsights_sitenote_note":"","_monsterinsights_sitenote_category":0,"footnotes":""},"categories":[1],"tags":[],"_links":{"self":[{"href":"https:\/\/zonalimitrofe-cbnr.com\/index.php\/wp-json\/wp\/v2\/posts\/11477"}],"collection":[{"href":"https:\/\/zonalimitrofe-cbnr.com\/index.php\/wp-json\/wp\/v2\/posts"}],"about":[{"href":"https:\/\/zonalimitrofe-cbnr.com\/index.php\/wp-json\/wp\/v2\/types\/post"}],"author":[{"embeddable":true,"href":"https:\/\/zonalimitrofe-cbnr.com\/index.php\/wp-json\/wp\/v2\/users\/1"}],"replies":[{"embeddable":true,"href":"https:\/\/zonalimitrofe-cbnr.com\/index.php\/wp-json\/wp\/v2\/comments?post=11477"}],"version-history":[{"count":1,"href":"https:\/\/zonalimitrofe-cbnr.com\/index.php\/wp-json\/wp\/v2\/posts\/11477\/revisions"}],"predecessor-version":[{"id":11479,"href":"https:\/\/zonalimitrofe-cbnr.com\/index.php\/wp-json\/wp\/v2\/posts\/11477\/revisions\/11479"}],"wp:featuredmedia":[{"embeddable":true,"href":"https:\/\/zonalimitrofe-cbnr.com\/index.php\/wp-json\/wp\/v2\/media\/11478"}],"wp:attachment":[{"href":"https:\/\/zonalimitrofe-cbnr.com\/index.php\/wp-json\/wp\/v2\/media?parent=11477"}],"wp:term":[{"taxonomy":"category","embeddable":true,"href":"https:\/\/zonalimitrofe-cbnr.com\/index.php\/wp-json\/wp\/v2\/categories?post=11477"},{"taxonomy":"post_tag","embeddable":true,"href":"https:\/\/zonalimitrofe-cbnr.com\/index.php\/wp-json\/wp\/v2\/tags?post=11477"}],"curies":[{"name":"wp","href":"https:\/\/api.w.org\/{rel}","templated":true}]}}