{"id":11459,"date":"2024-10-24T16:54:47","date_gmt":"2024-10-24T22:54:47","guid":{"rendered":"https:\/\/zonalimitrofe-cbnr.com\/?p=11459"},"modified":"2024-10-24T16:54:47","modified_gmt":"2024-10-24T22:54:47","slug":"promueve-dif-lerdo-la-atencion-psicologica","status":"publish","type":"post","link":"https:\/\/zonalimitrofe-cbnr.com\/index.php\/2024\/10\/24\/promueve-dif-lerdo-la-atencion-psicologica\/","title":{"rendered":"PROMUEVE DIF LERDO LA ATENCI\u00d3N PSICOL\u00d3GICA*"},"content":{"rendered":"\n<ul>\n<li>El Sistema para el Desarrollo Integral de la Familia brinda asesor\u00edas gratuitas a la ciudadan\u00eda lerdense<\/li>\n<\/ul>\n\n\n\n<p>Lerdo, 24 de octubre 2024.- La directora del DIF Municipal de Ciudad Lerdo, Ivonne Guti\u00e9rrez Garc\u00eda, hizo un llamado a la poblaci\u00f3n para priorizar la atenci\u00f3n psicol\u00f3gica como un recurso clave en el cuidado de la salud mental, especialmente en aquellos que enfrentan problemas o situaciones personales y familiares.<\/p>\n\n\n\n<p>La funcionaria destac\u00f3 que, por instrucciones del Alcalde Homero Mart\u00ednez Cabrera y de la presidenta honoraria del DIF, la diputada local Susy Torrecillas Salazar, se ha puesto un enfoque creciente en la importancia de la salud mental. Guti\u00e9rrez Garc\u00eda subray\u00f3 que tanto el Sistema DIF, como los institutos de la Juventud y de la Mujer tambi\u00e9n priorizan este servicio, totalmente gratuito.<\/p>\n\n\n\n<p>Invit\u00f3 a los ciudadanos a acudir al Edificio DIF Lerdo, ubicado la avenida Coronado, esquina con calle Morelos, en un horario de 8:00 a.m. a 4:00 p.m., donde podr\u00e1n recibir asesor\u00eda y atenci\u00f3n psicol\u00f3gica gratuita, ah\u00ed se cuenta con especialistas en psicolog\u00eda infantil para la atenci\u00f3n al desarrollo social y cognitivo del menor de edad, as\u00ed como con psic\u00f3logos que atienden a j\u00f3venes adolescentes, y adultos.<\/p>\n\n\n\n<p>La funcionaria se\u00f1al\u00f3 que es importante acudir al psic\u00f3logo para tratar alg\u00fan problema; conocer mejor los pensamientos y sentimientos propios, mejorar la inteligencia emocional y el autoestima, as\u00ed como la capacidad de gestionar el estr\u00e9s y la capacidad de resolver problemas para responder ante situaciones desafiantes, aprender a manejar conflictos, mejorar relaciones interpersonales, tomar el control de su propia vida y establecer metas para un futuro m\u00e1s saludable.<\/p>\n","protected":false},"excerpt":{"rendered":"<p>Lerdo, 24 de octubre 2024.- La directora del DIF Municipal de Ciudad Lerdo, Ivonne Guti\u00e9rrez Garc\u00eda, hizo un llamado a la poblaci\u00f3n para priorizar la atenci\u00f3n psicol\u00f3gica como un recurso clave en el cuidado de la salud mental, especialmente en aquellos que enfrentan problemas o situaciones personales y familiares. La funcionaria destac\u00f3 que, por instrucciones [&hellip;]<\/p>\n","protected":false},"author":1,"featured_media":11460,"comment_status":"open","ping_status":"open","sticky":false,"template":"","format":"standard","meta":{"_monsterinsights_skip_tracking":false,"_monsterinsights_sitenote_active":false,"_monsterinsights_sitenote_note":"","_monsterinsights_sitenote_category":0,"footnotes":""},"categories":[1],"tags":[],"_links":{"self":[{"href":"https:\/\/zonalimitrofe-cbnr.com\/index.php\/wp-json\/wp\/v2\/posts\/11459"}],"collection":[{"href":"https:\/\/zonalimitrofe-cbnr.com\/index.php\/wp-json\/wp\/v2\/posts"}],"about":[{"href":"https:\/\/zonalimitrofe-cbnr.com\/index.php\/wp-json\/wp\/v2\/types\/post"}],"author":[{"embeddable":true,"href":"https:\/\/zonalimitrofe-cbnr.com\/index.php\/wp-json\/wp\/v2\/users\/1"}],"replies":[{"embeddable":true,"href":"https:\/\/zonalimitrofe-cbnr.com\/index.php\/wp-json\/wp\/v2\/comments?post=11459"}],"version-history":[{"count":1,"href":"https:\/\/zonalimitrofe-cbnr.com\/index.php\/wp-json\/wp\/v2\/posts\/11459\/revisions"}],"predecessor-version":[{"id":11461,"href":"https:\/\/zonalimitrofe-cbnr.com\/index.php\/wp-json\/wp\/v2\/posts\/11459\/revisions\/11461"}],"wp:featuredmedia":[{"embeddable":true,"href":"https:\/\/zonalimitrofe-cbnr.com\/index.php\/wp-json\/wp\/v2\/media\/11460"}],"wp:attachment":[{"href":"https:\/\/zonalimitrofe-cbnr.com\/index.php\/wp-json\/wp\/v2\/media?parent=11459"}],"wp:term":[{"taxonomy":"category","embeddable":true,"href":"https:\/\/zonalimitrofe-cbnr.com\/index.php\/wp-json\/wp\/v2\/categories?post=11459"},{"taxonomy":"post_tag","embeddable":true,"href":"https:\/\/zonalimitrofe-cbnr.com\/index.php\/wp-json\/wp\/v2\/tags?post=11459"}],"curies":[{"name":"wp","href":"https:\/\/api.w.org\/{rel}","templated":true}]}}