{"id":11432,"date":"2024-10-23T18:14:52","date_gmt":"2024-10-24T00:14:52","guid":{"rendered":"https:\/\/zonalimitrofe-cbnr.com\/?p=11432"},"modified":"2024-10-23T18:14:53","modified_gmt":"2024-10-24T00:14:53","slug":"durango-arrancan-gobiernos-del-estado-y-municipio-remozamiento-de-barrios-de-analco-y-calvario-de-durango","status":"publish","type":"post","link":"https:\/\/zonalimitrofe-cbnr.com\/index.php\/2024\/10\/23\/durango-arrancan-gobiernos-del-estado-y-municipio-remozamiento-de-barrios-de-analco-y-calvario-de-durango\/","title":{"rendered":"#Durango. Arrancan Gobiernos del Estado y Municipio remozamiento de Barrios de Analco y Calvario de Durango*"},"content":{"rendered":"\n<ul>\n<li><em>Esta rehabilitaci\u00f3n es solo el inicio de un esfuerzo continuo del Gobernador Esteban y el alcalde To\u00f1o Ochoa por revitalizar las zonas tradicionales para que sean puntos de inter\u00e9s cultural y tur\u00edstico.<\/em><\/li>\n\n\n\n<li><em>\u201cMejoraremos la imagen de estos sectores en preparaci\u00f3n para la temporada vacacional de invierno\u201d: Elisa Haro Ruiz, Secretar\u00eda de Turismo.<\/em><\/li>\n\n\n\n<li><em>El nombramiento de \u201cBarrio M\u00e1gico\u201d, fue otorgado por la Secretar\u00eda de Turismo Federal el pasado 11 de septiembre de 2024 en Veracruz.<\/em><\/li>\n<\/ul>\n\n\n\n<p>El Gobierno del Estado de Durango que titula Esteban Villegas, a trav\u00e9s de la Secretar\u00eda de Turismo del Estado y la Direcci\u00f3n de Fomento Econ\u00f3mico, iniciaron con el remozamiento del Pol\u00edgono Analco \u2013 Calvario, en su primera etapa, un esfuerzo en conjunto que busca revitalizar y embellecer este atractivo reci\u00e9n denominado \u201cBarrio M\u00e1gico\u201d.<\/p>\n\n\n\n<p>Este proyecto es resultado del nombramiento de Analco -Calvario como \u201cBarrio M\u00e1gico\u201d, que fue otorgado por la Secretar\u00eda de Turismo Federal, el pasado 11 de septiembre de 2024 en Veracruz, as\u00ed lo destac\u00f3 la titular de Turismo, Elisa Haro Ruiz; \u201cel objetivo es mejorar la imagen de la zona en preparaci\u00f3n para la temporada vacacional de invierno, ofreciendo una experiencia renovada y atractiva tanto para turistas como para los propios residentes\u201d.<\/p>\n\n\n\n<p>Haro Ruiz resalt\u00f3 que esta intervenci\u00f3n complementa la infraestructura tur\u00edstica ya existente, como el Teatro del Calvario \u201cLilia Santaella\u201d, y nuevas propuestas como el pr\u00f3ximo Punto Cine Durango, un espacio interactivo que se ubicar\u00e1 en las antiguas oficinas de turismo. Este lugar ofrecer\u00e1 salas que har\u00e1n vivir al espectador la historia cinematogr\u00e1fica de Durango, lo que fortalecer\u00e1 la oferta tur\u00edstica de la ciudad.<\/p>\n\n\n\n<p>Finalmente, Elisa Haro subray\u00f3 que este proyecto no solo embellecer\u00e1 la zona, sino que tambi\u00e9n mejorar\u00e1 la calidad de vida de sus habitantes al transformar este sector en un lugar m\u00e1s atractivo y seguro. Este remozamiento es solo el inicio de un esfuerzo continuo por revitalizar los barrios tradicionales de Durango y convertirlos en puntos de inter\u00e9s cultural y tur\u00edstico, concluy\u00f3.<\/p>\n\n\n\n<p><em>Acciones de esta primera etapa:<\/em><\/p>\n\n\n\n<ul>\n<li>Pintura de fachadas da\u00f1adas por el desgaste o el grafiti. Cubrir\u00e1n un \u00e1rea de aproximadamente 500 m\u00b2. Los colores ser\u00e1n seleccionados conforme a la paleta aprobada para el Centro Hist\u00f3rico de Durango.<\/li>\n\n\n\n<li>Limpieza de banquetas y \u00e1reas verdes, con el retiro de maleza y basura para mejorar la apariencia y seguridad de los espacios p\u00fablicos.<\/li>\n\n\n\n<li>Rehabilitaci\u00f3n del alumbrado p\u00fablico y mantenimiento del mobiliario urbano en el per\u00edmetro del pol\u00edgono.<\/li>\n\n\n\n<li>El proyecto cuenta con una inversi\u00f3n aproximada de $250,000.00 y forma parte de un plan integral que busca posicionar a Analco \u2013 Calvario como un destino tur\u00edstico de primer nivel.<\/li>\n<\/ul>\n","protected":false},"excerpt":{"rendered":"<p>El Gobierno del Estado de Durango que titula Esteban Villegas, a trav\u00e9s de la Secretar\u00eda de Turismo del Estado y la Direcci\u00f3n de Fomento Econ\u00f3mico, iniciaron con el remozamiento del Pol\u00edgono Analco \u2013 Calvario, en su primera etapa, un esfuerzo en conjunto que busca revitalizar y embellecer este atractivo reci\u00e9n denominado \u201cBarrio M\u00e1gico\u201d. Este proyecto [&hellip;]<\/p>\n","protected":false},"author":1,"featured_media":11433,"comment_status":"open","ping_status":"open","sticky":false,"template":"","format":"standard","meta":{"_monsterinsights_skip_tracking":false,"_monsterinsights_sitenote_active":false,"_monsterinsights_sitenote_note":"","_monsterinsights_sitenote_category":0,"footnotes":""},"categories":[1],"tags":[],"_links":{"self":[{"href":"https:\/\/zonalimitrofe-cbnr.com\/index.php\/wp-json\/wp\/v2\/posts\/11432"}],"collection":[{"href":"https:\/\/zonalimitrofe-cbnr.com\/index.php\/wp-json\/wp\/v2\/posts"}],"about":[{"href":"https:\/\/zonalimitrofe-cbnr.com\/index.php\/wp-json\/wp\/v2\/types\/post"}],"author":[{"embeddable":true,"href":"https:\/\/zonalimitrofe-cbnr.com\/index.php\/wp-json\/wp\/v2\/users\/1"}],"replies":[{"embeddable":true,"href":"https:\/\/zonalimitrofe-cbnr.com\/index.php\/wp-json\/wp\/v2\/comments?post=11432"}],"version-history":[{"count":1,"href":"https:\/\/zonalimitrofe-cbnr.com\/index.php\/wp-json\/wp\/v2\/posts\/11432\/revisions"}],"predecessor-version":[{"id":11434,"href":"https:\/\/zonalimitrofe-cbnr.com\/index.php\/wp-json\/wp\/v2\/posts\/11432\/revisions\/11434"}],"wp:featuredmedia":[{"embeddable":true,"href":"https:\/\/zonalimitrofe-cbnr.com\/index.php\/wp-json\/wp\/v2\/media\/11433"}],"wp:attachment":[{"href":"https:\/\/zonalimitrofe-cbnr.com\/index.php\/wp-json\/wp\/v2\/media?parent=11432"}],"wp:term":[{"taxonomy":"category","embeddable":true,"href":"https:\/\/zonalimitrofe-cbnr.com\/index.php\/wp-json\/wp\/v2\/categories?post=11432"},{"taxonomy":"post_tag","embeddable":true,"href":"https:\/\/zonalimitrofe-cbnr.com\/index.php\/wp-json\/wp\/v2\/tags?post=11432"}],"curies":[{"name":"wp","href":"https:\/\/api.w.org\/{rel}","templated":true}]}}