{"id":11410,"date":"2024-10-23T17:50:03","date_gmt":"2024-10-23T23:50:03","guid":{"rendered":"https:\/\/zonalimitrofe-cbnr.com\/?p=11410"},"modified":"2024-10-23T17:50:04","modified_gmt":"2024-10-23T23:50:04","slug":"congreso-de-coahuila-emite-convocatoria-para-titular-de-la-fiscalia-general-del-estado","status":"publish","type":"post","link":"https:\/\/zonalimitrofe-cbnr.com\/index.php\/2024\/10\/23\/congreso-de-coahuila-emite-convocatoria-para-titular-de-la-fiscalia-general-del-estado\/","title":{"rendered":"#Congreso de Coahuila emite convocatoria para titular de la Fiscal\u00eda General del Estado"},"content":{"rendered":"\n<p>Saltillo, Coahuila, a 23 de octubre de 2024.- El Congreso del Estado de Coahuila emiti\u00f3 este mi\u00e9rcoles la convocatoria p\u00fablica para nombrar a la persona titular de la Fiscal\u00eda General del Estado de Coahuila, por lo cual los interesados ya pueden consultar las bases de la misma y entregar sus expedientes para aspirar a ser candidatos a dirigir esta dependencia encargada de la investigaci\u00f3n y persecuci\u00f3n de los delitos en Coahuila, uno de los estados m\u00e1s seguros del pa\u00eds. En la sesi\u00f3n de este mi\u00e9rcoles se aprob\u00f3 el Acuerdo de la Comisi\u00f3n de Gobernaci\u00f3n, Puntos Constitucionales y Justicia, que coordina la diputada Mar\u00eda Guadalupe Oyervides Valdez, por el que se emite la convocatoria, la cual, con fundamento en lo dispuesto por la Constituci\u00f3n Pol\u00edtica del Estado de Coahuila, la Ley Org\u00e1nica de la Fiscal\u00eda General del Estado y Ley Org\u00e1nica del Congreso del Estado, est\u00e1 dirigida a las Universidades P\u00fablicas y Privadas, Institutos de Investigaci\u00f3n, Asociaciones Civiles, Organizaciones No Gubernamentales, dem\u00e1s organismos interesados y a la ciudadan\u00eda en general, a fin de que presenten candidaturas para ocupar la titularidad de la Fiscal\u00eda General del Estado de Coahuila. De acuerdo con la Constituci\u00f3n Pol\u00edtica del Estado, a partir de la ausencia definitiva del titular de Fiscal\u00eda General, el Congreso del Estado, previa convocatoria p\u00fablica, abierta y transparente, contar\u00e1 con un plazo establecido en la convocatoria para integrar una lista de al menos diez candidaturas al cargo, aprobada por las dos terceras partes de los miembros presentes, la cual se enviar\u00e1 al Ejecutivo del Estado. La documentaci\u00f3n de los aspirantes se presentar\u00e1 en la Oficial\u00eda Mayor del Congreso a partir del jueves 24 de octubre y hasta el d\u00eda 02 de noviembre. Agotada la etapa de recepci\u00f3n, la Comisi\u00f3n de Gobernaci\u00f3n, verificar\u00e1 que los documentos recibidos acrediten los requisitos de la convocatoria, validando aquellas propuestas que cumplan con los requisitos, formando un listado de al menos diez candidaturas al cargo, la cual ser\u00e1 aprobada por las dos terceras partes de los miembros presentes del Congreso del Estado, para posteriormente ser enviada al Ejecutivo del Estado. Una vez que el Ejecutivo del Estado env\u00ede al Congreso del Estado la terna correspondiente, la Comisi\u00f3n de Gobernaci\u00f3n, acordar\u00e1 el formato, metodolog\u00eda, fechas y horarios de las comparecencias, en su caso, de las personas propuestas, las cuales ser\u00e1n p\u00fablicas y transmitidas mediante la p\u00e1gina electr\u00f3nica del Congreso.<\/p>\n\n\n\n<p>Hecho lo anterior, la citada Comisi\u00f3n har\u00e1 el an\u00e1lisis de las propuestas y acordar\u00e1 el nombramiento de la persona titular de la Fiscal\u00eda General del Estado, mismo que se someter\u00e1 a la aprobaci\u00f3n del pleno del Congreso, a m\u00e1s tardar el 26 de noviembre de 2024.<\/p>\n\n\n\n<p>La elecci\u00f3n del nuevo fiscal es de suma relevancia ya que Coahuila es de los estados m\u00e1s seguros del pa\u00eds, y esto es gracias a la coordinaci\u00f3n entre los tres \u00f3rdenes de gobierno, as\u00ed como al buen desempe\u00f1o de las instituciones que se tienen en Coahuila, por lo que el trabajo de la Fiscal\u00eda General es clave para mantener blindado al estado.<\/p>\n","protected":false},"excerpt":{"rendered":"<p>Saltillo, Coahuila, a 23 de octubre de 2024.- El Congreso del Estado de Coahuila emiti\u00f3 este mi\u00e9rcoles la convocatoria p\u00fablica para nombrar a la persona titular de la Fiscal\u00eda General del Estado de Coahuila, por lo cual los interesados ya pueden consultar las bases de la misma y entregar sus expedientes para aspirar a ser [&hellip;]<\/p>\n","protected":false},"author":1,"featured_media":11411,"comment_status":"open","ping_status":"open","sticky":false,"template":"","format":"standard","meta":{"_monsterinsights_skip_tracking":false,"_monsterinsights_sitenote_active":false,"_monsterinsights_sitenote_note":"","_monsterinsights_sitenote_category":0,"footnotes":""},"categories":[1],"tags":[],"_links":{"self":[{"href":"https:\/\/zonalimitrofe-cbnr.com\/index.php\/wp-json\/wp\/v2\/posts\/11410"}],"collection":[{"href":"https:\/\/zonalimitrofe-cbnr.com\/index.php\/wp-json\/wp\/v2\/posts"}],"about":[{"href":"https:\/\/zonalimitrofe-cbnr.com\/index.php\/wp-json\/wp\/v2\/types\/post"}],"author":[{"embeddable":true,"href":"https:\/\/zonalimitrofe-cbnr.com\/index.php\/wp-json\/wp\/v2\/users\/1"}],"replies":[{"embeddable":true,"href":"https:\/\/zonalimitrofe-cbnr.com\/index.php\/wp-json\/wp\/v2\/comments?post=11410"}],"version-history":[{"count":1,"href":"https:\/\/zonalimitrofe-cbnr.com\/index.php\/wp-json\/wp\/v2\/posts\/11410\/revisions"}],"predecessor-version":[{"id":11412,"href":"https:\/\/zonalimitrofe-cbnr.com\/index.php\/wp-json\/wp\/v2\/posts\/11410\/revisions\/11412"}],"wp:featuredmedia":[{"embeddable":true,"href":"https:\/\/zonalimitrofe-cbnr.com\/index.php\/wp-json\/wp\/v2\/media\/11411"}],"wp:attachment":[{"href":"https:\/\/zonalimitrofe-cbnr.com\/index.php\/wp-json\/wp\/v2\/media?parent=11410"}],"wp:term":[{"taxonomy":"category","embeddable":true,"href":"https:\/\/zonalimitrofe-cbnr.com\/index.php\/wp-json\/wp\/v2\/categories?post=11410"},{"taxonomy":"post_tag","embeddable":true,"href":"https:\/\/zonalimitrofe-cbnr.com\/index.php\/wp-json\/wp\/v2\/tags?post=11410"}],"curies":[{"name":"wp","href":"https:\/\/api.w.org\/{rel}","templated":true}]}}