{"id":11407,"date":"2024-10-23T17:47:42","date_gmt":"2024-10-23T23:47:42","guid":{"rendered":"https:\/\/zonalimitrofe-cbnr.com\/?p=11407"},"modified":"2024-10-23T17:47:43","modified_gmt":"2024-10-23T23:47:43","slug":"durango-con-lanzamiento-de-durania-las-mentes-brillantes-de-durango-tienen-oportunidad-de-desarrollar-su-potencial-gracias-a-esteban-estudiantes","status":"publish","type":"post","link":"https:\/\/zonalimitrofe-cbnr.com\/index.php\/2024\/10\/23\/durango-con-lanzamiento-de-durania-las-mentes-brillantes-de-durango-tienen-oportunidad-de-desarrollar-su-potencial-gracias-a-esteban-estudiantes\/","title":{"rendered":"#Durango. Con lanzamiento de DuranIA, las mentes brillantes de Durango tienen oportunidad de desarrollar su potencial gracias a Esteban: estudiantes*"},"content":{"rendered":"\n<ul>\n<li><em>J\u00f3venes afirman que este es un gran sue\u00f1o hecho realidad, adem\u00e1s de contribuir a la transformaci\u00f3n laboral y bienestar de sus familias.<\/em><\/li>\n<\/ul>\n\n\n\n<p>Con el lanzamiento de DuranIA que realiz\u00f3 el gobernador Esteban Villegas Villarreal, Durango da un paso m\u00e1s a la innovaci\u00f3n para convertirse en una potencia, es un espacio para el desarrollo de inteligencia artificial que dar\u00e1 la oportunidad a las mentes brillantes de aportar a su estado, afirmaron catedr\u00e1ticos y alumnos integrantes de la primera generaci\u00f3n del proyecto.<\/p>\n\n\n\n<p>\u201cSoy duranguense y conoc\u00ed a varias personas del proyecto DuranIA, y como las matem\u00e1ticas y la inteligencia artificial interact\u00faan much\u00edsimo, hemos discutido experiencias, compartido ideas, es un proyecto que me entusiasma mucho para mi estado\u201d, expres\u00f3 Luis Crist\u00f3bal N\u00fa\u00f1ez Betancourt, del Centro de Investigaci\u00f3n en Matem\u00e1ticas en Guanajuato, al reconocer el potencial del estado y que con esto se vendr\u00e1n m\u00e1s proyectos, como inversiones; qu\u00e9 siga as\u00ed Villegas Villarreal con estos proyectos t\u00e9cnicos, me da mucho gusto ver que los est\u00e1 impulsando y esperemos que Durango se convierta en una potencia del pa\u00eds\u201d.<\/p>\n\n\n\n<p>El rector de la Universidad Polit\u00e9cnica de Durango (UPD), Arturo Fragoso Corral, platic\u00f3 que ya est\u00e1n algunos directivos y estudiantes trabajando en este proyecto que arranca con 50 j\u00f3venes duranguenses, de diferentes universidades, en coordinaci\u00f3n con empresarios de Espa\u00f1a, est\u00e1n recibiendo capacitaciones para llevarlos a dicho pa\u00eds y todos trabajando en un mismo equipo, indic\u00f3.<\/p>\n\n\n\n<p>Fernanda Ch\u00e1vez estudiante de la UPD, integrante de la generaci\u00f3n Zero, comparti\u00f3 que al enterarse de este proyecto, de inmediato se postul\u00f3, \u201chice distintos proyectos que fue basado en mi carrera que es la ingenier\u00eda en telecomunicaciones, uno de ellos fue inteligencia artificial que sustituye un nutri\u00f3logo; ese fue mi proyecto, qued\u00e9 seleccionada\u201d, expres\u00f3 al manifestar que se siente m\u00e1s motivada al saber que el Gobernador tambi\u00e9n es de un municipio as\u00ed como ella de Vicente Guerrero.<\/p>\n\n\n\n<p>Ana Belem Contreras Rodr\u00edguez, de la Facultad de Ciencias Exactas, de la UJED resalt\u00f3 esta incre\u00edble oportunidad al contar con este tipo de proyectos para impulsar la mente, los sue\u00f1os de cambiar el mundo, sobre todo Durango; \u201cla verdad es que son cosas que no pensamos que fueran a pasar, es una oportunidad que hay que aprovechar, disfrutar y dar lo mejor\u201d, asinti\u00f3.<\/p>\n\n\n\n<p>Igualmente, lo afirm\u00f3 Juan Carlos P\u00e9rez de Ingenier\u00eda Mecatr\u00f3nica, del Instituto Tecnol\u00f3gico de Durango (ITD), \u201cestamos muy emocionados por todos los proyectos que vienen adelante, todav\u00eda no me lo creo, como dijo el Gobernador, no es nada m\u00e1s \u00e9l, es todo un equipo que ha estado trabajando durante mucho tiempo y se est\u00e1n viendo las cosas\u201d, expuso al reconocer que este proyecto es muy grande para los j\u00f3venes.<\/p>\n\n\n\n<p>Natalia Nicole Hern\u00e1ndez Ju\u00e1rez, de noveno semestre de Mecatr\u00f3nica, dijo que se trata de algo impresionante sobre la inteligencia artificial, muy acertada en su rubro, donde podr\u00e1n realizar programas para automatizar todo, desde el tr\u00e1nsito, industrias, armadoras, entre algunas aplicaciones.<\/p>\n\n\n\n<p>As\u00ed es como las mentes brillantes de la entidad se juntan en este lanzamiento que realiza el Gobierno del Estado para elaborar el centro m\u00e1s grande de Latinoam\u00e9rica en el desarrollo de Inteligencia Artificial.<\/p>\n","protected":false},"excerpt":{"rendered":"<p>Con el lanzamiento de DuranIA que realiz\u00f3 el gobernador Esteban Villegas Villarreal, Durango da un paso m\u00e1s a la innovaci\u00f3n para convertirse en una potencia, es un espacio para el desarrollo de inteligencia artificial que dar\u00e1 la oportunidad a las mentes brillantes de aportar a su estado, afirmaron catedr\u00e1ticos y alumnos integrantes de la primera [&hellip;]<\/p>\n","protected":false},"author":1,"featured_media":11408,"comment_status":"open","ping_status":"open","sticky":false,"template":"","format":"standard","meta":{"_monsterinsights_skip_tracking":false,"_monsterinsights_sitenote_active":false,"_monsterinsights_sitenote_note":"","_monsterinsights_sitenote_category":0,"footnotes":""},"categories":[1],"tags":[],"_links":{"self":[{"href":"https:\/\/zonalimitrofe-cbnr.com\/index.php\/wp-json\/wp\/v2\/posts\/11407"}],"collection":[{"href":"https:\/\/zonalimitrofe-cbnr.com\/index.php\/wp-json\/wp\/v2\/posts"}],"about":[{"href":"https:\/\/zonalimitrofe-cbnr.com\/index.php\/wp-json\/wp\/v2\/types\/post"}],"author":[{"embeddable":true,"href":"https:\/\/zonalimitrofe-cbnr.com\/index.php\/wp-json\/wp\/v2\/users\/1"}],"replies":[{"embeddable":true,"href":"https:\/\/zonalimitrofe-cbnr.com\/index.php\/wp-json\/wp\/v2\/comments?post=11407"}],"version-history":[{"count":1,"href":"https:\/\/zonalimitrofe-cbnr.com\/index.php\/wp-json\/wp\/v2\/posts\/11407\/revisions"}],"predecessor-version":[{"id":11409,"href":"https:\/\/zonalimitrofe-cbnr.com\/index.php\/wp-json\/wp\/v2\/posts\/11407\/revisions\/11409"}],"wp:featuredmedia":[{"embeddable":true,"href":"https:\/\/zonalimitrofe-cbnr.com\/index.php\/wp-json\/wp\/v2\/media\/11408"}],"wp:attachment":[{"href":"https:\/\/zonalimitrofe-cbnr.com\/index.php\/wp-json\/wp\/v2\/media?parent=11407"}],"wp:term":[{"taxonomy":"category","embeddable":true,"href":"https:\/\/zonalimitrofe-cbnr.com\/index.php\/wp-json\/wp\/v2\/categories?post=11407"},{"taxonomy":"post_tag","embeddable":true,"href":"https:\/\/zonalimitrofe-cbnr.com\/index.php\/wp-json\/wp\/v2\/tags?post=11407"}],"curies":[{"name":"wp","href":"https:\/\/api.w.org\/{rel}","templated":true}]}}