{"id":11404,"date":"2024-10-23T17:45:49","date_gmt":"2024-10-23T23:45:49","guid":{"rendered":"https:\/\/zonalimitrofe-cbnr.com\/?p=11404"},"modified":"2024-10-23T17:45:50","modified_gmt":"2024-10-23T23:45:50","slug":"uadec-realizan-en-la-uadec-el-v-coloquio-internacional-de-nucleos-de-investigacion-en-enfermeria","status":"publish","type":"post","link":"https:\/\/zonalimitrofe-cbnr.com\/index.php\/2024\/10\/23\/uadec-realizan-en-la-uadec-el-v-coloquio-internacional-de-nucleos-de-investigacion-en-enfermeria\/","title":{"rendered":"#UAdeC. Realizan en la UAdeC el V Coloquio Internacional de N\u00facleos de Investigaci\u00f3n en Enfermer\u00eda"},"content":{"rendered":"\n<p>SALTILLO, Coahuila. 23 de octubre de 2024. La Universidad Aut\u00f3noma de Coahuila a trav\u00e9s de la Facultad de Enfermer\u00eda \u201cDr. Santiago Vald\u00e9s Galindo\u201d, es sede del V Coloquio Internacional de N\u00facleos de Investigaci\u00f3n. Comunidades cient\u00edficas: Grupos acad\u00e9micos y Redes de investigaci\u00f3n en Enfermer\u00eda, que organiza la Academia Nacional de Enfermer\u00eda de M\u00e9xico y que se lleva a cabo el 23, 24 y 25 de octubre.<\/p>\n\n\n\n<p>Durante el coloquio se abordan los siguientes ejes tem\u00e1ticos: Cuidado de Enfermer\u00eda, Educaci\u00f3n en Enfermer\u00eda, Redes de Investigaci\u00f3n, Experiencias Investigativas en las diversas etapas de la vida, Gesti\u00f3n del cuidado, G\u00e9nero y cuidado de la salud y Presentaci\u00f3n de trabajos libres.<\/p>\n\n\n\n<p>La ceremonia de inauguraci\u00f3n se llev\u00f3 a cabo en el Aula Magna \u201cJos\u00e9 Mar\u00eda Fraustro Siller\u201d, con la presencia del rector de la m\u00e1xima casa de estudios, Octavio Pimentel Mart\u00ednez, la coordinadora de Unidad Sureste, Eva Kerena Hern\u00e1ndez Mart\u00ednez, la presidenta de la Academia Nacional de Enfermer\u00eda de M\u00e9xico, Mar\u00eda de los \u00c1ngeles Torres Laguna, el director de la Facultad de Enfermer\u00eda, Pedro Enrique Trujillo Hern\u00e1ndez, la secretaria acad\u00e9mica, Idalia Herrera Garibay, docentes, alumnos e invitado especiales.<\/p>\n\n\n\n<p>En su mensaje, el Rector dijo que es un honor para la Universidad ser sede de este evento en el que investigadores, docentes y alumnos sostendr\u00e1n un di\u00e1logo constructivo e inspirador con el que se lleguen a acuerdos y estrategias importantes para difundir los avances en la profesi\u00f3n de enfermer\u00eda, lo que fortalece el quehacer acad\u00e9mico y la preparaci\u00f3n de los estudiantes.<\/p>\n\n\n\n<p>Por su parte, la presidenta de la Academia Nacional de Enfermer\u00eda de M\u00e9xico, Mar\u00eda de los \u00c1ngeles Torres Laguna, se\u00f1al\u00f3 que a trav\u00e9s de este tipo de eventos se fomenta el intercambio de experiencias en enfermer\u00eda, al tiempo que se promueve la colaboraci\u00f3n interdisciplinaria para la creaci\u00f3n de alianzas que impulsen el progreso de la disciplina por medio de la investigaci\u00f3n.<\/p>\n\n\n\n<p>Mientras que, el director de la Facultad de Enfermer\u00eda, Pedro Enrique Trujillo Hern\u00e1ndez, celebr\u00f3 que durante el coloquio se cuente con expertos destacados, quienes compartir\u00e1n las nuevas metodolog\u00edas para enfrentar los desaf\u00edos actuales de la enfermer\u00eda.<\/p>\n\n\n\n<p>Posteriormente se imparti\u00f3 la conferencia magistral \u201cLa investigaci\u00f3n aplicada al cuidado humano\u201d, a cargo del Dr. Jos\u00e9 Ram\u00f3n Mart\u00ednez Flores del Departamento de Enfermer\u00eda Comunitaria de la Universidad de Alicante y miembro del Consejo Consultivo de la Academia Nacional de Enfermer\u00eda de M\u00e9xico.<\/p>\n\n\n\n<p>Tambi\u00e9n se desarroll\u00f3 el panel \u201cExperiencias exitosas nacionales e internacionales de la investigaci\u00f3n aplicada a la pr\u00e1ctica del cuidado humano\u201d, con la participaci\u00f3n de la<\/p>\n\n\n\n<p>decana de la Universidad Nacional de Colombia, Dra. Gloria Mabel Carrillo Gonz\u00e1lez y la directora de Enfermer\u00eda del Instituto Nacional de Cardiolog\u00eda Ignacio Ch\u00e1vez de la Universidad Nacional Aut\u00f3noma de M\u00e9xico, Dra. Sandra Olvera Arreola.<\/p>\n","protected":false},"excerpt":{"rendered":"<p>SALTILLO, Coahuila. 23 de octubre de 2024. La Universidad Aut\u00f3noma de Coahuila a trav\u00e9s de la Facultad de Enfermer\u00eda \u201cDr. Santiago Vald\u00e9s Galindo\u201d, es sede del V Coloquio Internacional de N\u00facleos de Investigaci\u00f3n. Comunidades cient\u00edficas: Grupos acad\u00e9micos y Redes de investigaci\u00f3n en Enfermer\u00eda, que organiza la Academia Nacional de Enfermer\u00eda de M\u00e9xico y que se [&hellip;]<\/p>\n","protected":false},"author":1,"featured_media":11405,"comment_status":"open","ping_status":"open","sticky":false,"template":"","format":"standard","meta":{"_monsterinsights_skip_tracking":false,"_monsterinsights_sitenote_active":false,"_monsterinsights_sitenote_note":"","_monsterinsights_sitenote_category":0,"footnotes":""},"categories":[1],"tags":[],"_links":{"self":[{"href":"https:\/\/zonalimitrofe-cbnr.com\/index.php\/wp-json\/wp\/v2\/posts\/11404"}],"collection":[{"href":"https:\/\/zonalimitrofe-cbnr.com\/index.php\/wp-json\/wp\/v2\/posts"}],"about":[{"href":"https:\/\/zonalimitrofe-cbnr.com\/index.php\/wp-json\/wp\/v2\/types\/post"}],"author":[{"embeddable":true,"href":"https:\/\/zonalimitrofe-cbnr.com\/index.php\/wp-json\/wp\/v2\/users\/1"}],"replies":[{"embeddable":true,"href":"https:\/\/zonalimitrofe-cbnr.com\/index.php\/wp-json\/wp\/v2\/comments?post=11404"}],"version-history":[{"count":1,"href":"https:\/\/zonalimitrofe-cbnr.com\/index.php\/wp-json\/wp\/v2\/posts\/11404\/revisions"}],"predecessor-version":[{"id":11406,"href":"https:\/\/zonalimitrofe-cbnr.com\/index.php\/wp-json\/wp\/v2\/posts\/11404\/revisions\/11406"}],"wp:featuredmedia":[{"embeddable":true,"href":"https:\/\/zonalimitrofe-cbnr.com\/index.php\/wp-json\/wp\/v2\/media\/11405"}],"wp:attachment":[{"href":"https:\/\/zonalimitrofe-cbnr.com\/index.php\/wp-json\/wp\/v2\/media?parent=11404"}],"wp:term":[{"taxonomy":"category","embeddable":true,"href":"https:\/\/zonalimitrofe-cbnr.com\/index.php\/wp-json\/wp\/v2\/categories?post=11404"},{"taxonomy":"post_tag","embeddable":true,"href":"https:\/\/zonalimitrofe-cbnr.com\/index.php\/wp-json\/wp\/v2\/tags?post=11404"}],"curies":[{"name":"wp","href":"https:\/\/api.w.org\/{rel}","templated":true}]}}