{"id":11398,"date":"2024-10-23T17:39:44","date_gmt":"2024-10-23T23:39:44","guid":{"rendered":"https:\/\/zonalimitrofe-cbnr.com\/?p=11398"},"modified":"2024-10-23T17:39:44","modified_gmt":"2024-10-23T23:39:44","slug":"lerdo-concientizan-con-cafe-rosa-sobre-lucha-contra-el-cancer-de-mama-en-72-batallon-de-infanteria","status":"publish","type":"post","link":"https:\/\/zonalimitrofe-cbnr.com\/index.php\/2024\/10\/23\/lerdo-concientizan-con-cafe-rosa-sobre-lucha-contra-el-cancer-de-mama-en-72-batallon-de-infanteria\/","title":{"rendered":"#Lerdo. CONCIENTIZAN CON \u2018CAF\u00c9 ROSA\u2019 SOBRE LUCHA CONTRA EL C\u00c1NCER DE MAMA EN 72 BATALL\u00d3N DE INFANTER\u00cdA*"},"content":{"rendered":"\n<p>Lerdo, 23 de octubre de 2024.\u2013 En el marco del D\u00eda Internacional de la Lucha contra el C\u00e1ncer de Mama, el Instituto Municipal de la Mujer en Lerdo (IMM) organiz\u00f3 el pasado martes un evento denominado \u201cCaf\u00e9 Rosa\u201d en el 72 Batall\u00f3n de Infanter\u00eda. Este encuentro reuni\u00f3 a personal del voluntariado y a mujeres de la comunidad para abordar un tema de vital importancia: el c\u00e1ncer de mama, el tipo de c\u00e1ncer m\u00e1s com\u00fan a nivel mundial.<\/p>\n\n\n\n<p>La charla fue presentada por la Lic. Lucy Olvera Rodr\u00edguez, quien explic\u00f3 que el c\u00e1ncer de mama es un tumor maligno que se origina en las c\u00e9lulas del seno y puede extenderse a otras partes del cuerpo. Olvera destac\u00f3 que este tipo de c\u00e1ncer es la principal causa de muerte entre mujeres en M\u00e9xico. Sin embargo, enfatiz\u00f3 la importancia de la detecci\u00f3n temprana: \u201cOcho de cada diez mujeres que se realizan una detecci\u00f3n a tiempo logran sobrevivir\u201d, asegur\u00f3.<\/p>\n\n\n\n<p>Durante su presentaci\u00f3n, Olvera mencion\u00f3 varios elementos clave para la prevenci\u00f3n del c\u00e1ncer de mama; autoexploraci\u00f3n mensual, realiz\u00e1ndose autoex\u00e1menes cada mes para identificar cambios inusuales en los senos; mamograf\u00edas anuales; iniciando a partir de los 40 a\u00f1os, o antes si hay antecedentes familiares de la enfermedad; y educaci\u00f3n continua, participando en talleres y pl\u00e1ticas sobre salud que fomenten la conciencia sobre el c\u00e1ncer de mama.<\/p>\n\n\n\n<p>Mar\u00eda del Refugio Adame G\u00fcereca, directora del Instituto Municipal de la Mujer, tambi\u00e9n se dirigi\u00f3 a los asistentes, subrayando la importancia de estas iniciativas. \u201cEs importante que las mujeres se sientan empoderadas para hacerse chequeos peri\u00f3dicos. La prevenci\u00f3n es nuestra mejor herramienta. Cuando hablamos de salud, no solo estamos hablando de la vida de una mujer, sino tambi\u00e9n de sus seres queridos\u201d, afirm\u00f3.<\/p>\n\n\n\n<p>El evento foment\u00f3 un ambiente de apoyo, donde las participantes compartieron experiencias y recursos valiosos. Al concluir la jornada, se hizo un llamado a la acci\u00f3n, animando a todos los asistentes a difundir el mensaje de prevenci\u00f3n en sus hogares y comunidades, pues aunque este c\u00e1ncer es m\u00e1s com\u00fan en mujeres, tambi\u00e9n puede presentarse en hombres.<\/p>\n\n\n\n<p>La lucha contra el c\u00e1ncer de mama es un esfuerzo colectivo que requiere la participaci\u00f3n activa de toda la sociedad. Con iniciativas como el \u201cCaf\u00e9 Rosa\u201d, que bajan del DIF Estatal, el Instituto Municipal de la Mujer en Lerdo reafirma su compromiso por empoderar a las mujeres y promover una cultura de prevenci\u00f3n y salud.<\/p>\n","protected":false},"excerpt":{"rendered":"<p>Lerdo, 23 de octubre de 2024.\u2013 En el marco del D\u00eda Internacional de la Lucha contra el C\u00e1ncer de Mama, el Instituto Municipal de la Mujer en Lerdo (IMM) organiz\u00f3 el pasado martes un evento denominado \u201cCaf\u00e9 Rosa\u201d en el 72 Batall\u00f3n de Infanter\u00eda. Este encuentro reuni\u00f3 a personal del voluntariado y a mujeres de [&hellip;]<\/p>\n","protected":false},"author":1,"featured_media":11399,"comment_status":"open","ping_status":"open","sticky":false,"template":"","format":"standard","meta":{"_monsterinsights_skip_tracking":false,"_monsterinsights_sitenote_active":false,"_monsterinsights_sitenote_note":"","_monsterinsights_sitenote_category":0,"footnotes":""},"categories":[1],"tags":[],"_links":{"self":[{"href":"https:\/\/zonalimitrofe-cbnr.com\/index.php\/wp-json\/wp\/v2\/posts\/11398"}],"collection":[{"href":"https:\/\/zonalimitrofe-cbnr.com\/index.php\/wp-json\/wp\/v2\/posts"}],"about":[{"href":"https:\/\/zonalimitrofe-cbnr.com\/index.php\/wp-json\/wp\/v2\/types\/post"}],"author":[{"embeddable":true,"href":"https:\/\/zonalimitrofe-cbnr.com\/index.php\/wp-json\/wp\/v2\/users\/1"}],"replies":[{"embeddable":true,"href":"https:\/\/zonalimitrofe-cbnr.com\/index.php\/wp-json\/wp\/v2\/comments?post=11398"}],"version-history":[{"count":1,"href":"https:\/\/zonalimitrofe-cbnr.com\/index.php\/wp-json\/wp\/v2\/posts\/11398\/revisions"}],"predecessor-version":[{"id":11400,"href":"https:\/\/zonalimitrofe-cbnr.com\/index.php\/wp-json\/wp\/v2\/posts\/11398\/revisions\/11400"}],"wp:featuredmedia":[{"embeddable":true,"href":"https:\/\/zonalimitrofe-cbnr.com\/index.php\/wp-json\/wp\/v2\/media\/11399"}],"wp:attachment":[{"href":"https:\/\/zonalimitrofe-cbnr.com\/index.php\/wp-json\/wp\/v2\/media?parent=11398"}],"wp:term":[{"taxonomy":"category","embeddable":true,"href":"https:\/\/zonalimitrofe-cbnr.com\/index.php\/wp-json\/wp\/v2\/categories?post=11398"},{"taxonomy":"post_tag","embeddable":true,"href":"https:\/\/zonalimitrofe-cbnr.com\/index.php\/wp-json\/wp\/v2\/tags?post=11398"}],"curies":[{"name":"wp","href":"https:\/\/api.w.org\/{rel}","templated":true}]}}