{"id":11389,"date":"2024-10-23T11:56:56","date_gmt":"2024-10-23T17:56:56","guid":{"rendered":"https:\/\/zonalimitrofe-cbnr.com\/?p=11389"},"modified":"2024-10-23T11:56:57","modified_gmt":"2024-10-23T17:56:57","slug":"durango-lanza-esteban-durania-proyecto-de-inteligencia-artificial-que-revoluciona-la-tecnologia-y-transformara-el-rumbo-de-durango","status":"publish","type":"post","link":"https:\/\/zonalimitrofe-cbnr.com\/index.php\/2024\/10\/23\/durango-lanza-esteban-durania-proyecto-de-inteligencia-artificial-que-revoluciona-la-tecnologia-y-transformara-el-rumbo-de-durango\/","title":{"rendered":"#Durango. Lanza Esteban \u201cDuranIA\u201d, proyecto de inteligencia artificial que revoluciona la tecnolog\u00eda y transformar\u00e1 el rumbo de Durango"},"content":{"rendered":"\n<ul>\n<li>\u201cHoy es el d\u00eda en que cambiamos el rumbo del estado, una fecha que quedar\u00e1 plasmada en los libros de historia del pa\u00eds\u201d: Federico Moratinos, vicepresidente de Drotium.<\/li>\n\n\n\n<li>\u201cAhora s\u00ed habr\u00e1 opciones en Durango para que las mentes brillantes transformen la industria en la entidad\u201d: Director del ITD, Guillermo de Anda.<\/li>\n<\/ul>\n\n\n\n<p>\u201cHoy oficialmente comienza una revoluci\u00f3n tecnol\u00f3gica que cambiar\u00e1 nuestra perspectiva y transformar\u00e1 el rumbo de nuestro estado, convirti\u00e9ndonos en un l\u00edder geopol\u00edtico en la era digital. Estamos m\u00e1s que listos para esa encomienda\u201d, manifest\u00f3 el gobernador Esteban Villegas Villarreal al dar a conocer \u2018DuranIA\u2019, un proyecto de inteligencia artificial que permitir\u00e1 a Durango contar con un ecosistema de innovaci\u00f3n y que abrir\u00e1 un espacio f\u00edsico para recibir a empresas de tecnolog\u00eda.<\/p>\n\n\n\n<p>DuranIA es una iniciativa que busca detonar el pensamiento de futuro, promover la investigaci\u00f3n cient\u00edfica en torno a la Inteligencia Artificial y propiciar el desarrollo de nuevas herramientas tecnol\u00f3gicas. Ello, sustentado en un movimiento acad\u00e9mico, empresarial, gubernamental y tecnol\u00f3gico.<\/p>\n\n\n\n<p>El objetivo es conectar el espacio de datos con los \u00e1mbitos virtual, social, educativo, cultural, pol\u00edtico, econ\u00f3mico y de salud, creando tecnolog\u00edas que resuelvan problemas que antes parec\u00edan imposibles para que mejoren la calidad de vida y cambien el mundo.<\/p>\n\n\n\n<p>Como parte del lanzamiento, se otorgar\u00e1n becas a 50 j\u00f3venes de mentes brillantes para que se capaciten en la empresa Drotium en Espa\u00f1a y reciban mentor\u00eda sobre IA. Asimismo, se firmar\u00e1 un convenio con Huawei para completar su formaci\u00f3n. Estos j\u00f3venes regresar\u00e1n preparados para quedarse en su tierra y contribuir a convertir a Durango en el n\u00facleo tecnol\u00f3gico e industrial de la inteligencia artificial.<\/p>\n\n\n\n<p>Al respecto, el Gobernador Esteban Villegas coincidi\u00f3 con Fernando Moratinos, vicepresidente de la empresa espa\u00f1ola Drotium, que tambi\u00e9n forma parte de este gran proyecto, que este es el d\u00eda en que se le cambiar\u00e1 el rumbo a Durango, una fecha que quedar\u00e1 plasmada en los libros de historia del pa\u00eds. Y es que, esta iniciativa, es \u00fanica en M\u00e9xico y a nivel Latinoam\u00e9rica, la cual ha llegado para quedarse, con la responsabilidad de crear una normativa que garantice la \u00e9tica, la moral y el respeto a los Derechos Humanos.<\/p>\n\n\n\n<p>Villegas Villarreal aprovech\u00f3 para solicitar el apoyo necesario para darle continuidad a DuranIA, al pedir a los diputados locales y al secretario de Finanzas que etiqueten un presupuesto espec\u00edfico para los a\u00f1os posteriores. Adem\u00e1s, exhort\u00f3 a todos a colaborar directamente con los sectores involucrados, ya que \u201cDuranIA lo hacemos todos\u201d.<\/p>\n\n\n\n<p>El alcalde Jos\u00e9 Antonio Ochoa destac\u00f3 que, con la visi\u00f3n del Gobernador, se da un paso importante para que los j\u00f3venes que luchan por sus sue\u00f1os tengan un futuro prometedor y pongan en alto al estado. DuranIA es un proyecto sin precedentes en el pa\u00eds, que generar\u00e1 mejores oportunidades para los duranguenses, abund\u00f3.<\/p>\n\n\n\n<p>Por su parte, el director del Instituto Tecnol\u00f3gico de Durango (ITD), Guillermo de Anda Rodr\u00edguez, afirm\u00f3 que DuranIA brindar\u00e1 opciones para que los j\u00f3venes se queden en Durango, al tratarse de una estrategia que cambiar\u00e1 el rumbo de la entidad, posicion\u00e1ndola como un referente en inteligencia artificial.<\/p>\n\n\n\n<p>\u201cHoy es un d\u00eda de orgullo que queremos compartir con todos ustedes\u201d, expres\u00f3 Rub\u00e9n Herrera V\u00e1zquez, joven integrante de la generaci\u00f3n Zero, al manifestar su satisfacci\u00f3n por ser parte de este equipo y testigo de los esfuerzos del Mandatario Estatal para explotar sus fortalezas. Agradeci\u00f3 tambi\u00e9n al Gobernador por creer en los j\u00f3venes y ayudarles a convertirse en motivo de orgullo. Celebr\u00f3 la atracci\u00f3n de empresas de alta tecnolog\u00eda, que pondr\u00e1n a Durango en el mapa de la innovaci\u00f3n y el desarrollo tecnol\u00f3gico a nivel global, contribuyendo al crecimiento econ\u00f3mico y social.<\/p>\n\n\n\n<p>\u201c\u00bfLe puedo hacer una confesi\u00f3n, Gobernador? Hab\u00eda escuchado que este era el a\u00f1o de Durango y no sab\u00eda bien a qu\u00e9 se refer\u00eda, pero hoy le doy la raz\u00f3n, definitivamente el 2024 es el a\u00f1o de Durango\u201d, expres\u00f3.<\/p>\n\n\n\n<p>El Ejecutivo Estatal puntualiz\u00f3 que \u201cDuranIA es el presente y futuro digital y tecnol\u00f3gico de Durango, porque la grandeza se sue\u00f1a y eso es lo que queremos buscar: que sue\u00f1en, que no abandonen sus sue\u00f1os por ning\u00fan motivo, que puedan so\u00f1ar en grande, porque s\u00ed se pueden lograr las cosas\u201d.<\/p>\n\n\n\n<p>El Gobernador, acompa\u00f1ado del coordinador general de Gesti\u00f3n Gubernamental, Jes\u00fas Salazar Ibarra; el coordinador de la Junta de Gobierno y Coordinaci\u00f3n Pol\u00edtica (JUGOCOPO), H\u00e9ctor Herrera N\u00fa\u00f1ez; estudiantes de diferentes universidades del estado, empresarios y catedr\u00e1ticos, inaugur\u00f3 el mural fotogr\u00e1fico de la generaci\u00f3n Zero de DuranIA. Posteriormente, entregaron kits de desarrollo de \u00faltima generaci\u00f3n, que contienen herramientas tecnol\u00f3gicas para los 50 alumnos becados. En ese mismo evento, el director del ITD entreg\u00f3 un reconocimiento al Mandatario por este gran impulso a la educaci\u00f3n e innovaci\u00f3n.<\/p>\n","protected":false},"excerpt":{"rendered":"<p>\u201cHoy oficialmente comienza una revoluci\u00f3n tecnol\u00f3gica que cambiar\u00e1 nuestra perspectiva y transformar\u00e1 el rumbo de nuestro estado, convirti\u00e9ndonos en un l\u00edder geopol\u00edtico en la era digital. Estamos m\u00e1s que listos para esa encomienda\u201d, manifest\u00f3 el gobernador Esteban Villegas Villarreal al dar a conocer \u2018DuranIA\u2019, un proyecto de inteligencia artificial que permitir\u00e1 a Durango contar con [&hellip;]<\/p>\n","protected":false},"author":1,"featured_media":11390,"comment_status":"open","ping_status":"open","sticky":false,"template":"","format":"standard","meta":{"_monsterinsights_skip_tracking":false,"_monsterinsights_sitenote_active":false,"_monsterinsights_sitenote_note":"","_monsterinsights_sitenote_category":0,"footnotes":""},"categories":[1],"tags":[],"_links":{"self":[{"href":"https:\/\/zonalimitrofe-cbnr.com\/index.php\/wp-json\/wp\/v2\/posts\/11389"}],"collection":[{"href":"https:\/\/zonalimitrofe-cbnr.com\/index.php\/wp-json\/wp\/v2\/posts"}],"about":[{"href":"https:\/\/zonalimitrofe-cbnr.com\/index.php\/wp-json\/wp\/v2\/types\/post"}],"author":[{"embeddable":true,"href":"https:\/\/zonalimitrofe-cbnr.com\/index.php\/wp-json\/wp\/v2\/users\/1"}],"replies":[{"embeddable":true,"href":"https:\/\/zonalimitrofe-cbnr.com\/index.php\/wp-json\/wp\/v2\/comments?post=11389"}],"version-history":[{"count":1,"href":"https:\/\/zonalimitrofe-cbnr.com\/index.php\/wp-json\/wp\/v2\/posts\/11389\/revisions"}],"predecessor-version":[{"id":11391,"href":"https:\/\/zonalimitrofe-cbnr.com\/index.php\/wp-json\/wp\/v2\/posts\/11389\/revisions\/11391"}],"wp:featuredmedia":[{"embeddable":true,"href":"https:\/\/zonalimitrofe-cbnr.com\/index.php\/wp-json\/wp\/v2\/media\/11390"}],"wp:attachment":[{"href":"https:\/\/zonalimitrofe-cbnr.com\/index.php\/wp-json\/wp\/v2\/media?parent=11389"}],"wp:term":[{"taxonomy":"category","embeddable":true,"href":"https:\/\/zonalimitrofe-cbnr.com\/index.php\/wp-json\/wp\/v2\/categories?post=11389"},{"taxonomy":"post_tag","embeddable":true,"href":"https:\/\/zonalimitrofe-cbnr.com\/index.php\/wp-json\/wp\/v2\/tags?post=11389"}],"curies":[{"name":"wp","href":"https:\/\/api.w.org\/{rel}","templated":true}]}}