{"id":11377,"date":"2024-10-23T11:49:37","date_gmt":"2024-10-23T17:49:37","guid":{"rendered":"https:\/\/zonalimitrofe-cbnr.com\/?p=11377"},"modified":"2024-10-23T11:49:37","modified_gmt":"2024-10-23T17:49:37","slug":"durango-con-gestiones-de-esteban-campo-duranguense-entrara-a-nuevos-programas-de-apoyo-del-gobierno-federal","status":"publish","type":"post","link":"https:\/\/zonalimitrofe-cbnr.com\/index.php\/2024\/10\/23\/durango-con-gestiones-de-esteban-campo-duranguense-entrara-a-nuevos-programas-de-apoyo-del-gobierno-federal\/","title":{"rendered":"#Durango. Con gestiones de Esteban, campo duranguense entrar\u00e1 a nuevos programas de apoyo del Gobierno Federal*"},"content":{"rendered":"\n<ul>\n<li><em>Agricultores ser\u00e1n incorporados en el programa de Semillas para el Bienestar, creado por la Presidenta Claudia Sheinbaum.<\/em><\/li>\n\n\n\n<li><em>Adem\u00e1s celebra Gobernador que SEGALMEX establezca precio de garant\u00eda del frijol en 27 pesos por kilo.<\/em><\/li>\n<\/ul>\n\n\n\n<p>Gracias a las gestiones, el dialogo directo y la cercan\u00eda con el Gobierno Federal, en particular con el titular de la Secretar\u00eda de Agricultura y Desarrollo Rural, Durango ya est\u00e1 dentro de los programas para el campo, asegur\u00f3 el gobernador Esteban Villegas en entrevista para medios de comunicaci\u00f3n.<\/p>\n\n\n\n<p>Durango no estaba contemplado en la creaci\u00f3n de la Productora de Semillas para el Bienestar; \u201cr\u00e1pido fui y ya nos metieron\u201d, dijo el mandatario al recordar que en las recientes visitas que realiz\u00f3 a Ciudad de M\u00e9xico, tuvo la oportunidad de platicar este tema con el Secretario de Agricultura, Julio Berdegu\u00e9 Sacrist\u00e1n para que la entidad duranguense ya figur\u00e9 en esta estrategia para proveer a los productores de semillas de alta calidad.<\/p>\n\n\n\n<p>La primera etapa arrancar\u00e1 en Zacatecas, Nayarit y Durango, para luego continuar con otros estados del norte y del sureste donde hay agua para producir m\u00e1s frijol, particularmente frijol negro.<\/p>\n\n\n\n<p>Por otra parte, Villegas Villarreal, celebr\u00f3 que Seguridad Alimentaria Mexicana (SEGALMEX) estableciera el precio de garant\u00eda del frijol en 27 pesos por kilo, al considerar que con ello se reconoce la labor del agricultor, la lucha de los productores por un precio digno de su producto y su esfuerzo invertido en las cosechas.<\/p>\n\n\n\n<p>\u201cSe me hizo muy buen precio, estaban vendiendo los agricultores el frijol a 16 o 17 pesos, por eso, fuimos y presionamos y ya SEGALMEX sac\u00f3 precio de garant\u00eda a 27 pesos el kilo, creo que vale mucho la pena que los productores los sepan y no lo vendan en menos de ese precio\u201d, apunt\u00f3.<\/p>\n\n\n\n<p>Agreg\u00f3 que este es un gran logro as\u00ed como la apertura de las bodegas y a los estados solo les queda esperar a que la Presidenta Claudia Sheinbaum y el secretario de Agricultura, lo confirmen en los pr\u00f3ximos d\u00edas.<\/p>\n","protected":false},"excerpt":{"rendered":"<p>Gracias a las gestiones, el dialogo directo y la cercan\u00eda con el Gobierno Federal, en particular con el titular de la Secretar\u00eda de Agricultura y Desarrollo Rural, Durango ya est\u00e1 dentro de los programas para el campo, asegur\u00f3 el gobernador Esteban Villegas en entrevista para medios de comunicaci\u00f3n. Durango no estaba contemplado en la creaci\u00f3n [&hellip;]<\/p>\n","protected":false},"author":1,"featured_media":11378,"comment_status":"open","ping_status":"open","sticky":false,"template":"","format":"standard","meta":{"_monsterinsights_skip_tracking":false,"_monsterinsights_sitenote_active":false,"_monsterinsights_sitenote_note":"","_monsterinsights_sitenote_category":0,"footnotes":""},"categories":[1],"tags":[],"_links":{"self":[{"href":"https:\/\/zonalimitrofe-cbnr.com\/index.php\/wp-json\/wp\/v2\/posts\/11377"}],"collection":[{"href":"https:\/\/zonalimitrofe-cbnr.com\/index.php\/wp-json\/wp\/v2\/posts"}],"about":[{"href":"https:\/\/zonalimitrofe-cbnr.com\/index.php\/wp-json\/wp\/v2\/types\/post"}],"author":[{"embeddable":true,"href":"https:\/\/zonalimitrofe-cbnr.com\/index.php\/wp-json\/wp\/v2\/users\/1"}],"replies":[{"embeddable":true,"href":"https:\/\/zonalimitrofe-cbnr.com\/index.php\/wp-json\/wp\/v2\/comments?post=11377"}],"version-history":[{"count":1,"href":"https:\/\/zonalimitrofe-cbnr.com\/index.php\/wp-json\/wp\/v2\/posts\/11377\/revisions"}],"predecessor-version":[{"id":11379,"href":"https:\/\/zonalimitrofe-cbnr.com\/index.php\/wp-json\/wp\/v2\/posts\/11377\/revisions\/11379"}],"wp:featuredmedia":[{"embeddable":true,"href":"https:\/\/zonalimitrofe-cbnr.com\/index.php\/wp-json\/wp\/v2\/media\/11378"}],"wp:attachment":[{"href":"https:\/\/zonalimitrofe-cbnr.com\/index.php\/wp-json\/wp\/v2\/media?parent=11377"}],"wp:term":[{"taxonomy":"category","embeddable":true,"href":"https:\/\/zonalimitrofe-cbnr.com\/index.php\/wp-json\/wp\/v2\/categories?post=11377"},{"taxonomy":"post_tag","embeddable":true,"href":"https:\/\/zonalimitrofe-cbnr.com\/index.php\/wp-json\/wp\/v2\/tags?post=11377"}],"curies":[{"name":"wp","href":"https:\/\/api.w.org\/{rel}","templated":true}]}}