{"id":11350,"date":"2024-10-22T13:07:57","date_gmt":"2024-10-22T19:07:57","guid":{"rendered":"https:\/\/zonalimitrofe-cbnr.com\/?p=11350"},"modified":"2024-10-22T13:07:57","modified_gmt":"2024-10-22T19:07:57","slug":"coahuila-anuncia-el-gobierno-del-estado-el-concurso-de-catrinas-y-catrines-recordar-es-de-gigantes","status":"publish","type":"post","link":"https:\/\/zonalimitrofe-cbnr.com\/index.php\/2024\/10\/22\/coahuila-anuncia-el-gobierno-del-estado-el-concurso-de-catrinas-y-catrines-recordar-es-de-gigantes\/","title":{"rendered":"#Coahuila. ANUNCIA EL GOBIERNO DEL ESTADO EL CONCURSO DE CATRINAS Y CATRINES \u201cRECORDAR ES DE GIGANTES\u201d"},"content":{"rendered":"\n<p>Saltillo, Coahuila de Zaragoza, a 22 de octubre de 2024.- Para rescatar y preservar nuestras tradiciones, y promover entre la juventud coahuilense la cultura nacional, como el D\u00eda de Muertos, el gobierno de Manolo Jim\u00e9nez Salinas anunci\u00f3 el Concurso y la Pasarela de Catrinas y Catrines \u201cRecordar es de Gigantes \u201d, en coordinaci\u00f3n con la Universidad Nueva Vizcaya de las Am\u00e9ricas.<\/p>\n\n\n\n<p>El Secretario de Inclusi\u00f3n y Desarrollo Social (SIDS), Enrique Mart\u00ednez y Morales, y el subsecretario de Cultura, Salvador \u00c1lvarez de la Fuente, a nombre de la titular de la dependencia Esther Quintana Salinas, y el director general del Instituto Coahuilense de la Juventud, Iv\u00e1n Terashima, informaron que el evento tendr\u00e1 lugar el jueves 7 de noviembre en las instalaciones del ICOJUVE.<\/p>\n\n\n\n<p>Estuvieron acompa\u00f1ados por la directora de la instituci\u00f3n, Laura Elizabeth Cobas.<\/p>\n\n\n\n<p>Con una pasarela de j\u00f3venes ataviados como catrinas y catrines, se desarrollar\u00e1 el concurso; el ganador del primer lugar, obtendr\u00e1 un premio de diez mil pesos; el segundo, ocho mil, y el tercero, seis mil pesos, destacaron en rueda de prensa.<\/p>\n\n\n\n<p>Detallaron que el concurso iniciar\u00e1 con la pasarela, a partir de las cinco de la tarde en las instalaciones de La Madriguera \u201cCasa del Adolescente\u201d, sede de la direcci\u00f3n general del ICOJUVE, ubicada en la calle \u201c2 de Abril\u201d del Nuevo Centro Metropolitano, de Saltillo.<\/p>\n\n\n\n<p>Indicaron que se pretende motivar y despertar la creatividad de la juventud de todo el estado para que participen con las prendas y caracterizaciones de catrinas y catrines.<\/p>\n\n\n\n<p>En la pasarela, los participantes realizar\u00e1n sus caracterizaciones con la elecci\u00f3n de un tema o personaje propio de estas fechas.<\/p>\n\n\n\n<p>Se esperan m\u00e1s de 100 participantes de todo el Estado, agregaron, y destacaron que se contar\u00e1 con la participaci\u00f3n de un jurado, que determinar\u00e1 a los ganadores en base a originalidad, atuendos, actitud, vestuario y maquillaje.<\/p>\n\n\n\n<p>\u201cNuestro pa\u00eds es rico en tradiciones y honrar a la muerte; realizar actividades con este motivo siempre es muy enriquecedor, pues la ciudadan\u00eda participa con gusto en estas festividades.<\/p>\n\n\n\n<p>\u201cLas calaveras literarias, los altares, el pan de muerto, las flores de cempas\u00fachil, son parte de estas tradiciones\u201d, se\u00f1alaron en la rueda de prensa.<\/p>\n\n\n\n<p>Asimismo, externaron que la pasarela y el concurso de catrinas y catrines, pondr\u00e1n de manifiesto, adem\u00e1s de la creatividad, el talento art\u00edstico de las y los participantes.<\/p>\n\n\n\n<p>Destacaron que durante esa jornada, participantes y concursantes degustar\u00e1n del tradicional pan de muerto, que ser\u00e1 elaborado por alumnos de la Universidad Vizcaya de las Am\u00e9ricas.<\/p>\n\n\n\n<p>Tambi\u00e9n se contar\u00e1 con la participaci\u00f3n del ballet folkl\u00f3rico de La Madriguera, y una cantante interpretar\u00e1 diversos temas relacionados con el D\u00eda de Muertos.<\/p>\n","protected":false},"excerpt":{"rendered":"<p>Saltillo, Coahuila de Zaragoza, a 22 de octubre de 2024.- Para rescatar y preservar nuestras tradiciones, y promover entre la juventud coahuilense la cultura nacional, como el D\u00eda de Muertos, el gobierno de Manolo Jim\u00e9nez Salinas anunci\u00f3 el Concurso y la Pasarela de Catrinas y Catrines \u201cRecordar es de Gigantes \u201d, en coordinaci\u00f3n con la [&hellip;]<\/p>\n","protected":false},"author":1,"featured_media":11351,"comment_status":"open","ping_status":"open","sticky":false,"template":"","format":"standard","meta":{"_monsterinsights_skip_tracking":false,"_monsterinsights_sitenote_active":false,"_monsterinsights_sitenote_note":"","_monsterinsights_sitenote_category":0,"footnotes":""},"categories":[1],"tags":[],"_links":{"self":[{"href":"https:\/\/zonalimitrofe-cbnr.com\/index.php\/wp-json\/wp\/v2\/posts\/11350"}],"collection":[{"href":"https:\/\/zonalimitrofe-cbnr.com\/index.php\/wp-json\/wp\/v2\/posts"}],"about":[{"href":"https:\/\/zonalimitrofe-cbnr.com\/index.php\/wp-json\/wp\/v2\/types\/post"}],"author":[{"embeddable":true,"href":"https:\/\/zonalimitrofe-cbnr.com\/index.php\/wp-json\/wp\/v2\/users\/1"}],"replies":[{"embeddable":true,"href":"https:\/\/zonalimitrofe-cbnr.com\/index.php\/wp-json\/wp\/v2\/comments?post=11350"}],"version-history":[{"count":1,"href":"https:\/\/zonalimitrofe-cbnr.com\/index.php\/wp-json\/wp\/v2\/posts\/11350\/revisions"}],"predecessor-version":[{"id":11352,"href":"https:\/\/zonalimitrofe-cbnr.com\/index.php\/wp-json\/wp\/v2\/posts\/11350\/revisions\/11352"}],"wp:featuredmedia":[{"embeddable":true,"href":"https:\/\/zonalimitrofe-cbnr.com\/index.php\/wp-json\/wp\/v2\/media\/11351"}],"wp:attachment":[{"href":"https:\/\/zonalimitrofe-cbnr.com\/index.php\/wp-json\/wp\/v2\/media?parent=11350"}],"wp:term":[{"taxonomy":"category","embeddable":true,"href":"https:\/\/zonalimitrofe-cbnr.com\/index.php\/wp-json\/wp\/v2\/categories?post=11350"},{"taxonomy":"post_tag","embeddable":true,"href":"https:\/\/zonalimitrofe-cbnr.com\/index.php\/wp-json\/wp\/v2\/tags?post=11350"}],"curies":[{"name":"wp","href":"https:\/\/api.w.org\/{rel}","templated":true}]}}