{"id":11311,"date":"2024-10-21T17:04:05","date_gmt":"2024-10-21T23:04:05","guid":{"rendered":"https:\/\/zonalimitrofe-cbnr.com\/?p=11311"},"modified":"2024-10-21T17:04:05","modified_gmt":"2024-10-21T23:04:05","slug":"durango-invita-gobierno-del-estado-a-jornada-de-vacunacion-masiva-por-temporada-invernal","status":"publish","type":"post","link":"https:\/\/zonalimitrofe-cbnr.com\/index.php\/2024\/10\/21\/durango-invita-gobierno-del-estado-a-jornada-de-vacunacion-masiva-por-temporada-invernal\/","title":{"rendered":"#Durango. Invita Gobierno del Estado a Jornada de vacunaci\u00f3n masiva por temporada invernal*"},"content":{"rendered":"\n<ul>\n<li><em>Influenza, Covid-19 y neumococo, ser\u00e1n las vacunas que se estar\u00e1n aplicando en el Polideportivo del Parque Guadiana.<\/em><\/li>\n\n\n\n<li><em>Durango ser\u00e1 de las pocas que entidades como el Estado de M\u00e9xico y CDMX que aplicar\u00e1n reactivos contra el COVID durante la temporada, gracias a las gestiones del Gobernador Esteban Villegas.<\/em><\/li>\n<\/ul>\n\n\n\n<p>Con la encomienda del Gobernador Esteban Villegas Villarreal de proteger la salud de los duranguenses ante la llegada la temporada invernal, este 25 y 26 de octubre, se llevar\u00e1 a cabo una jornada de vacunaci\u00f3n masiva en el Polideportivo 450, inform\u00f3 el Jefe del Departamento de Enfermedades Transmisibles de la Secretar\u00eda de Salud del estado de Durango, Silvano Ram\u00edrez Soto.<\/p>\n\n\n\n<p>A partir del 15 de octubre y hasta el 31 de marzo de 2025 se tiene marcado por parte del Gobierno Federal, el llevar la jornada de vacunaci\u00f3n por temporada invernal, donde se busca que el mayor n\u00famero de personas cuenten con las vacunas y prevengan enfermedades.<\/p>\n\n\n\n<p>En este sentido, Ram\u00edrez Soto detall\u00f3 que, como parte de las estrategias y por encomienda del Gobernador Esteban Villegas, se estar\u00e1 llevando a cabo una estrategia de vacunaci\u00f3n masiva los d\u00edas 25 y 26 de octubre, en el Polideportivo 450, ubicado a un costado del Auditorio del Pueblo en el Parque Guadiana, en un horario de 8 de la ma\u00f1ana a 8 de la noche.<\/p>\n\n\n\n<p>Explic\u00f3 que, se estar\u00e1n llevando a cabo tres tipos de actividades, siendo una de estas la aplicaci\u00f3n de vacunas de temporada invernal, las cuales son Influenza, Covid-19 y neumococo; \u201cen el caso de la vacuna de Covid-19, se aplicar\u00e1 la Sputnik, que es de origen ruso y cuenta con una tecnolog\u00eda que ayuda en la prevenci\u00f3n de enfermedades graves, que son los internamientos y la intubaci\u00f3n, cuy efectividad es del 95 por ciento y debe ser aplicada a personas mayores de 18 a\u00f1os\u201d, explic\u00f3.<\/p>\n\n\n\n<p>La segunda actividad ser\u00eda la aplicaci\u00f3n de la vacuna de VPH (Virus del papiloma humano), la cual est\u00e1 dirigida \u00fanicamente a las ni\u00f1as de quinto de primaria y a todas aquellas menores de 16 a\u00f1os que no hayan recibido esta vacuna.<\/p>\n\n\n\n<p>Respecto a la tercera estrategia, el Jefe de Departamento de Enfermedades Transmisibles, detall\u00f3 que ser\u00e1 la recuperaci\u00f3n de dosis, lo que significa que toda aquella persona, o padres de familia que tengan dosis pendientes por actualizar, pueden acudir para que se las apliquen y cumplan con los esquemas.<\/p>\n\n\n\n<p>Silvano Ram\u00edrez indic\u00f3 que, paralelamente a la vacunaci\u00f3n masiva, se encuentran activos todos los m\u00f3dulos de vacunaci\u00f3n de los centros de salud suburbanos, rurales y los de concentraci\u00f3n que son el CESSA N\u00b01, CESSA N\u00b02 y el CESSA 450.<\/p>\n\n\n\n<p>Cabe destacar que, la meta para esta jornada de vacunaci\u00f3n es de 25 mil dosis para Covid-19 y 36 mil para influenza, distribuidas para todo el estado, por lo que se reiter\u00f3 la invitaci\u00f3n a la poblaci\u00f3n para que acuda a vacunarse y prevenir las enfermedades de la temporada invernal; \u201ces del inter\u00e9s de nuestro Gobernador, el Dr. Esteban Villegas, que todos estemos protegidos y estamos en el tiempo exacto para aplicarnos las vacunas, adem\u00e1s destacar que, gracias a las gestiones del Gobierno del Estado, se tienen garantizados todos los biol\u00f3gicos y en el caso de la vacuna de Covid solo la Ciudad de M\u00e9xico, el Estado de M\u00e9xico y Durango, estar\u00e1n aplicando en esta temporada\u201d, finaliz\u00f3.<\/p>\n","protected":false},"excerpt":{"rendered":"<p>Con la encomienda del Gobernador Esteban Villegas Villarreal de proteger la salud de los duranguenses ante la llegada la temporada invernal, este 25 y 26 de octubre, se llevar\u00e1 a cabo una jornada de vacunaci\u00f3n masiva en el Polideportivo 450, inform\u00f3 el Jefe del Departamento de Enfermedades Transmisibles de la Secretar\u00eda de Salud del estado [&hellip;]<\/p>\n","protected":false},"author":1,"featured_media":11312,"comment_status":"open","ping_status":"open","sticky":false,"template":"","format":"standard","meta":{"_monsterinsights_skip_tracking":false,"_monsterinsights_sitenote_active":false,"_monsterinsights_sitenote_note":"","_monsterinsights_sitenote_category":0,"footnotes":""},"categories":[1],"tags":[],"_links":{"self":[{"href":"https:\/\/zonalimitrofe-cbnr.com\/index.php\/wp-json\/wp\/v2\/posts\/11311"}],"collection":[{"href":"https:\/\/zonalimitrofe-cbnr.com\/index.php\/wp-json\/wp\/v2\/posts"}],"about":[{"href":"https:\/\/zonalimitrofe-cbnr.com\/index.php\/wp-json\/wp\/v2\/types\/post"}],"author":[{"embeddable":true,"href":"https:\/\/zonalimitrofe-cbnr.com\/index.php\/wp-json\/wp\/v2\/users\/1"}],"replies":[{"embeddable":true,"href":"https:\/\/zonalimitrofe-cbnr.com\/index.php\/wp-json\/wp\/v2\/comments?post=11311"}],"version-history":[{"count":1,"href":"https:\/\/zonalimitrofe-cbnr.com\/index.php\/wp-json\/wp\/v2\/posts\/11311\/revisions"}],"predecessor-version":[{"id":11313,"href":"https:\/\/zonalimitrofe-cbnr.com\/index.php\/wp-json\/wp\/v2\/posts\/11311\/revisions\/11313"}],"wp:featuredmedia":[{"embeddable":true,"href":"https:\/\/zonalimitrofe-cbnr.com\/index.php\/wp-json\/wp\/v2\/media\/11312"}],"wp:attachment":[{"href":"https:\/\/zonalimitrofe-cbnr.com\/index.php\/wp-json\/wp\/v2\/media?parent=11311"}],"wp:term":[{"taxonomy":"category","embeddable":true,"href":"https:\/\/zonalimitrofe-cbnr.com\/index.php\/wp-json\/wp\/v2\/categories?post=11311"},{"taxonomy":"post_tag","embeddable":true,"href":"https:\/\/zonalimitrofe-cbnr.com\/index.php\/wp-json\/wp\/v2\/tags?post=11311"}],"curies":[{"name":"wp","href":"https:\/\/api.w.org\/{rel}","templated":true}]}}