{"id":11305,"date":"2024-10-21T16:52:40","date_gmt":"2024-10-21T22:52:40","guid":{"rendered":"https:\/\/zonalimitrofe-cbnr.com\/?p=11305"},"modified":"2024-10-21T16:52:41","modified_gmt":"2024-10-21T22:52:41","slug":"lerdo-cumpliendo-palabra-homero-martinez-entrega-rehabilitacion-de-kinder-en-francisco-villa","status":"publish","type":"post","link":"https:\/\/zonalimitrofe-cbnr.com\/index.php\/2024\/10\/21\/lerdo-cumpliendo-palabra-homero-martinez-entrega-rehabilitacion-de-kinder-en-francisco-villa\/","title":{"rendered":"#Lerdo. CUMPLIENDO PALABRA; HOMERO MART\u00cdNEZ ENTREGA REHABILITACI\u00d3N DE KINDER EN FRANCISCO VILLA*"},"content":{"rendered":"\n<ul>\n<li>El Jard\u00edn de Ni\u00f1os Arco\u00edris pertenece a la CONAFE<\/li>\n<\/ul>\n\n\n\n<p>Lerdo, 21 de octubre 2024.- Durante el fin de semana, el Presidente Municipal de Lerdo, Homero Mart\u00ednez Cabrera, entreg\u00f3 la rehabilitaci\u00f3n integral del Jard\u00edn de Ni\u00f1os Arco\u00edris, ubicado en la comunidad de Francisco Villa. Esta importante mejora elevar\u00e1 las condiciones educativas para los ni\u00f1os de la zona, brindando un espacio adecuado para su formaci\u00f3n.<\/p>\n\n\n\n<p>El Jard\u00edn de Ni\u00f1os Arco\u00edris, que pertenece a la CONAFE, fue completamente renovado tras una solicitud realizada por la jefa de cuartel de la comunidad, Valentina Rosales, y la directora del centro educativo, Norma Navarrete de manera directa al Alcalde.<\/p>\n\n\n\n<p>A su llegada, el Dr. Homero Mart\u00ednez fue recibido por Rosales, Navarrete, y la maestra Ilse Santana, coordinadora de Atenci\u00f3n a la Primera Infancia, quienes expresaron su agradecimiento por la intervenci\u00f3n en el plantel.<\/p>\n\n\n\n<p>Mart\u00ednez Cabrera record\u00f3 que, al recibir la petici\u00f3n de la jefa de cuartel y la directora, reconoci\u00f3 la urgente necesidad de rehabilitar el Jard\u00edn de Ni\u00f1os, ya que carec\u00eda de las condiciones m\u00ednimas para garantizar una educaci\u00f3n adecuada. \u201cNos dimos a la tarea de rehabilitarlo de manera integral\u201d, afirm\u00f3 el edil.<\/p>\n\n\n\n<p>\u201cEnfocados en dar prioridades a los ciudadanos. Hoy brindamos un espacio educativo de buenas condiciones, con un sal\u00f3n de clases que se adapte a las necesidades clim\u00e1ticas, con puertas, ventanas, acabados e inclusive un aparato de aire acondicionado, as\u00ed como la rehabilitaci\u00f3n al m\u00f3dulo de ba\u00f1os y un \u00e1rea de juegos para su esparcimiento\u201d<\/p>\n\n\n\n<p>La obra incluy\u00f3 la renovaci\u00f3n completa del sal\u00f3n de clases, con mejoras que responden a las necesidades clim\u00e1ticas de la regi\u00f3n, como la instalaci\u00f3n de puertas, ventanas, acabados y un aire acondicionado. Adem\u00e1s, se rehabilit\u00f3 el m\u00f3dulo de ba\u00f1os y se habilit\u00f3 un \u00e1rea de juegos, lo que proporciona un entorno m\u00e1s seguro y c\u00f3modo para los ni\u00f1os.<\/p>\n\n\n\n<p>Valentina Rosales, jefa de cuartel, expres\u00f3 su agradecimiento al Presidente Municipal por siempre responder de manera oportuna a las solicitudes de la comunidad. Destac\u00f3 que Francisco Villa es una comunidad en progreso que requiere constante atenci\u00f3n, y valor\u00f3 el compromiso del alcalde de atender sus necesidades.<\/p>\n\n\n\n<p>Por su parte, la directora Norma Navarrete tambi\u00e9n agradeci\u00f3 al Alcalde por la mejora, se\u00f1alando que ahora los ni\u00f1os podr\u00e1n concentrarse plenamente en sus estudios sin preocuparse por problemas como el calor, el fr\u00edo o las condiciones del ba\u00f1o.<\/p>\n\n\n\n<p>La comunidad de Francisco Villa, ubicada a pie de la carretera al bajar la Cuesta de la Fortuna en direcci\u00f3n a Nazareno, se beneficia de este tipo de intervenciones que, de acuerdo con los vecinos, son fundamentales para el desarrollo de la localidad.<\/p>\n","protected":false},"excerpt":{"rendered":"<p>Lerdo, 21 de octubre 2024.- Durante el fin de semana, el Presidente Municipal de Lerdo, Homero Mart\u00ednez Cabrera, entreg\u00f3 la rehabilitaci\u00f3n integral del Jard\u00edn de Ni\u00f1os Arco\u00edris, ubicado en la comunidad de Francisco Villa. Esta importante mejora elevar\u00e1 las condiciones educativas para los ni\u00f1os de la zona, brindando un espacio adecuado para su formaci\u00f3n. El [&hellip;]<\/p>\n","protected":false},"author":1,"featured_media":11306,"comment_status":"open","ping_status":"open","sticky":false,"template":"","format":"standard","meta":{"_monsterinsights_skip_tracking":false,"_monsterinsights_sitenote_active":false,"_monsterinsights_sitenote_note":"","_monsterinsights_sitenote_category":0,"footnotes":""},"categories":[1],"tags":[],"_links":{"self":[{"href":"https:\/\/zonalimitrofe-cbnr.com\/index.php\/wp-json\/wp\/v2\/posts\/11305"}],"collection":[{"href":"https:\/\/zonalimitrofe-cbnr.com\/index.php\/wp-json\/wp\/v2\/posts"}],"about":[{"href":"https:\/\/zonalimitrofe-cbnr.com\/index.php\/wp-json\/wp\/v2\/types\/post"}],"author":[{"embeddable":true,"href":"https:\/\/zonalimitrofe-cbnr.com\/index.php\/wp-json\/wp\/v2\/users\/1"}],"replies":[{"embeddable":true,"href":"https:\/\/zonalimitrofe-cbnr.com\/index.php\/wp-json\/wp\/v2\/comments?post=11305"}],"version-history":[{"count":1,"href":"https:\/\/zonalimitrofe-cbnr.com\/index.php\/wp-json\/wp\/v2\/posts\/11305\/revisions"}],"predecessor-version":[{"id":11307,"href":"https:\/\/zonalimitrofe-cbnr.com\/index.php\/wp-json\/wp\/v2\/posts\/11305\/revisions\/11307"}],"wp:featuredmedia":[{"embeddable":true,"href":"https:\/\/zonalimitrofe-cbnr.com\/index.php\/wp-json\/wp\/v2\/media\/11306"}],"wp:attachment":[{"href":"https:\/\/zonalimitrofe-cbnr.com\/index.php\/wp-json\/wp\/v2\/media?parent=11305"}],"wp:term":[{"taxonomy":"category","embeddable":true,"href":"https:\/\/zonalimitrofe-cbnr.com\/index.php\/wp-json\/wp\/v2\/categories?post=11305"},{"taxonomy":"post_tag","embeddable":true,"href":"https:\/\/zonalimitrofe-cbnr.com\/index.php\/wp-json\/wp\/v2\/tags?post=11305"}],"curies":[{"name":"wp","href":"https:\/\/api.w.org\/{rel}","templated":true}]}}