{"id":11302,"date":"2024-10-21T16:49:29","date_gmt":"2024-10-21T22:49:29","guid":{"rendered":"https:\/\/zonalimitrofe-cbnr.com\/?p=11302"},"modified":"2024-10-21T16:49:29","modified_gmt":"2024-10-21T22:49:29","slug":"torreon-roman-alberto-cepeda-gonzalez-inaugura-la-tercera-feria-internacional-del-libro-infantil-y-juvenil-torreon-2024","status":"publish","type":"post","link":"https:\/\/zonalimitrofe-cbnr.com\/index.php\/2024\/10\/21\/torreon-roman-alberto-cepeda-gonzalez-inaugura-la-tercera-feria-internacional-del-libro-infantil-y-juvenil-torreon-2024\/","title":{"rendered":"#Torre\u00f3n. Rom\u00e1n Alberto Cepeda Gonz\u00e1lez inaugura la Tercera Feria Internacional del Libro Infantil y Juvenil Torre\u00f3n 2024"},"content":{"rendered":"\n<p>Torre\u00f3n, Coahuila. A 21 de octubre de 2024.<\/p>\n\n\n\n<p>El alcalde Rom\u00e1n Alberto Cepeda Gonz\u00e1lez inaugur\u00f3 este lunes la Tercera Feria Internacional del Libro Infantil y Juvenil Torre\u00f3n 2024, y tambi\u00e9n la biblioteca itinerante \u201cGilberto Prado Gal\u00e1n\u201d. Las actividades se desarrollar\u00e1n desde este lunes hasta el pr\u00f3ximo 25 de octubre en diferentes sedes de la ciudad.<br>&nbsp;<br>La feria arranc\u00f3 en la Velaria de Ciudad DIF y estar\u00e1 en 20 distintas sedes de Torre\u00f3n.<br>&nbsp;<br>El Presidente Municipal invit\u00f3 a los estudiantes de Torre\u00f3n a cultivarse y construirse un mejor futuro, a trav\u00e9s de la preparaci\u00f3n y el estudio.<br>&nbsp;<br>\u201cIniciamos la Tercera Feria del Libro Infantil y Juvenil, que por primera vez es internacional, y donde la cultura y el arte ser\u00e1n llevados a cada una de las colonias. No dejen de so\u00f1ar, no dejen de estudiar, sigan cultiv\u00e1ndose, aprovechen esta Feria para que cada uno de ustedes ma\u00f1ana cristalicen su futuro\u201d, expres\u00f3.<br>&nbsp;<br>En su mensaje, el Alcalde reiter\u00f3 que el estudio, la cultura, el arte y el deporte son los pilares fundamentales del progreso y felicit\u00f3 a los docentes por el trabajo que realizan con los ni\u00f1os y adolescentes.<br>&nbsp;<br>\u201cLos ni\u00f1os son el futuro de nuestro querido Torre\u00f3n, de La Laguna, de Coahuila y de M\u00e9xico, a todo el personal docente gracias y felicidades por su labor, Torre\u00f3n y mi Administraci\u00f3n se los agradece\u201d, mencion\u00f3 el edil.<br>&nbsp;<br>Por su parte, Antonio Edmundo M\u00e9ndez Vigat\u00e1, director del Instituto Municipal de Cultura y Educaci\u00f3n (IMCE), dijo que la Feria organizada en conjunto con el Sistema para el Desarrollo Integral de la Familia (DIF) Torre\u00f3n, pretende llegar a todos los rincones de la ciudad.<br>&nbsp;<br>Dijo que las actividades de la Feria se llevar\u00e1n a cabo en la Velaria del DIF Torre\u00f3n, la escuela de bachilleres Venustiano Carranza (PVC), Secundaria Federal n\u00famero 4, primaria Alfonso Rodr\u00edguez, la Universidad Tecnol\u00f3gica de Torre\u00f3n (UTT), entre otros planteles.<br>&nbsp;<br>\u201cHabr\u00e1 conferencias, talleres, presentaciones art\u00edsticas para ni\u00f1os, adolescentes j\u00f3venes y sus familias, con la participaci\u00f3n de escritores internacionales, nacionales y locales. Adem\u00e1s, hoy arranca la biblioteca itinerante \u201cGilberto Prado Gal\u00e1n\u201d, en el marco del segundo aniversario del fallecimiento de este importante escritor lagunero\u201d, mencion\u00f3.<br>&nbsp;<br>El director resalt\u00f3 la virtud de la lectura no solo con fines de entretenimiento, sino de impulsar el pensamiento cr\u00edtico.<br>&nbsp;<br>\u201cLeer es una actividad sumamente enriquecedora que nos ayuda a estimular la imaginaci\u00f3n, y el pensamiento cr\u00edtico, y en una feria de este tipo, la participaci\u00f3n de adultos, docentes y promotores de la lectura, es indispensable para construir una comunidad lectora s\u00f3lida donde los maestros desempe\u00f1an un papel fundamental al guiar a los j\u00f3venes en el descubrimiento del placer de la lectura\u201d, subray\u00f3.<br>&nbsp;<br>La se\u00f1ora Selina Bremer de Cepeda, presidenta honoraria del DIF Torre\u00f3n, detall\u00f3 que el programa de esta feria contar\u00e1 con actividades y conferencias distribuidas en distintas sedes como instituciones educativas, en las que habr\u00e1 presentaciones de obras de teatro, danza y m\u00fasica.<br>&nbsp;<br>\u201cVamos a llegar a todos los rincones de mi querido Torre\u00f3n, como ha sido el compromiso del Alcalde, llegar\u00e1 a librer\u00edas y bibliotecas, y hasta los &nbsp;centros comunitarios de DIF Torre\u00f3n, as\u00ed como a nuestras casas asistenciales y al Club de los Abuelos, porque para el DIF es de suma importancia fomentar el h\u00e1bito de la lectura en nuestros ni\u00f1os, ya que esta pr\u00e1ctica ayuda en su desarrollo emocional, mejora su lenguaje, enriquece su vocabulario, ayuda en su ortograf\u00eda, alimenta la imaginaci\u00f3n y creatividad, y ayuda a liberar emociones\u201d, dijo.<br>&nbsp;<br>Agreg\u00f3 que es importante que los adultos, maestros, gu\u00edas y padres de familia contribuyan con los ni\u00f1os a fomentar ese amor por los cuentos y libros desde peque\u00f1os.<br>&nbsp;<br>\u201cUna sociedad que lee es una sociedad informada, m\u00e1s culta e inteligente, que progresa, cuestiona y que en la vida cotidiana practica la reflexi\u00f3n. Gracias a la Administraci\u00f3n Municipal que encabeza el Alcalde por el apoyo a la cultura como eje clave para lograr una sociedad m\u00e1s preparada para enfrentar los nuevos retos del mundo\u201d, concluy\u00f3.<br>&nbsp;<br>Estuvieron presentes tambi\u00e9n: Flor Renter\u00eda Medina, coordinadora de servicios educativos regi\u00f3n Laguna; Elba Leticia de Alba Galarza, presidenta de la comisi\u00f3n Educaci\u00f3n, Arte y Cultura; y Marlene Mart\u00ednez Vald\u00e9s, directora del DIF Torre\u00f3n.<br>&nbsp;<br>&nbsp;<\/p>\n","protected":false},"excerpt":{"rendered":"<p>Torre\u00f3n, Coahuila. A 21 de octubre de 2024. El alcalde Rom\u00e1n Alberto Cepeda Gonz\u00e1lez inaugur\u00f3 este lunes la Tercera Feria Internacional del Libro Infantil y Juvenil Torre\u00f3n 2024, y tambi\u00e9n la biblioteca itinerante \u201cGilberto Prado Gal\u00e1n\u201d. Las actividades se desarrollar\u00e1n desde este lunes hasta el pr\u00f3ximo 25 de octubre en diferentes sedes de la ciudad.&nbsp;La [&hellip;]<\/p>\n","protected":false},"author":1,"featured_media":11303,"comment_status":"open","ping_status":"open","sticky":false,"template":"","format":"standard","meta":{"_monsterinsights_skip_tracking":false,"_monsterinsights_sitenote_active":false,"_monsterinsights_sitenote_note":"","_monsterinsights_sitenote_category":0,"footnotes":""},"categories":[1],"tags":[],"_links":{"self":[{"href":"https:\/\/zonalimitrofe-cbnr.com\/index.php\/wp-json\/wp\/v2\/posts\/11302"}],"collection":[{"href":"https:\/\/zonalimitrofe-cbnr.com\/index.php\/wp-json\/wp\/v2\/posts"}],"about":[{"href":"https:\/\/zonalimitrofe-cbnr.com\/index.php\/wp-json\/wp\/v2\/types\/post"}],"author":[{"embeddable":true,"href":"https:\/\/zonalimitrofe-cbnr.com\/index.php\/wp-json\/wp\/v2\/users\/1"}],"replies":[{"embeddable":true,"href":"https:\/\/zonalimitrofe-cbnr.com\/index.php\/wp-json\/wp\/v2\/comments?post=11302"}],"version-history":[{"count":1,"href":"https:\/\/zonalimitrofe-cbnr.com\/index.php\/wp-json\/wp\/v2\/posts\/11302\/revisions"}],"predecessor-version":[{"id":11304,"href":"https:\/\/zonalimitrofe-cbnr.com\/index.php\/wp-json\/wp\/v2\/posts\/11302\/revisions\/11304"}],"wp:featuredmedia":[{"embeddable":true,"href":"https:\/\/zonalimitrofe-cbnr.com\/index.php\/wp-json\/wp\/v2\/media\/11303"}],"wp:attachment":[{"href":"https:\/\/zonalimitrofe-cbnr.com\/index.php\/wp-json\/wp\/v2\/media?parent=11302"}],"wp:term":[{"taxonomy":"category","embeddable":true,"href":"https:\/\/zonalimitrofe-cbnr.com\/index.php\/wp-json\/wp\/v2\/categories?post=11302"},{"taxonomy":"post_tag","embeddable":true,"href":"https:\/\/zonalimitrofe-cbnr.com\/index.php\/wp-json\/wp\/v2\/tags?post=11302"}],"curies":[{"name":"wp","href":"https:\/\/api.w.org\/{rel}","templated":true}]}}