{"id":11296,"date":"2024-10-21T16:44:25","date_gmt":"2024-10-21T22:44:25","guid":{"rendered":"https:\/\/zonalimitrofe-cbnr.com\/?p=11296"},"modified":"2024-10-21T16:44:25","modified_gmt":"2024-10-21T22:44:25","slug":"uadec-rector-de-la-uadec-toma-protesta-a-los-directores-de-fime-y-fcpys-unidad-laguna","status":"publish","type":"post","link":"https:\/\/zonalimitrofe-cbnr.com\/index.php\/2024\/10\/21\/uadec-rector-de-la-uadec-toma-protesta-a-los-directores-de-fime-y-fcpys-unidad-laguna\/","title":{"rendered":"#UAdeC. Rector de la UAdeC Toma Protesta a los Directores de FIME y FCPyS Unidad Laguna"},"content":{"rendered":"\n<p>TORRE\u00d3N, Coahuila. 21 de octubre de 2024. En gira de trabajo por la Unidad Laguna, el rector de la Universidad Aut\u00f3noma de Coahuila, Octavio Pimentel Mart\u00ednez, tom\u00f3 protesta al Ing. Manuel de Jes\u00fas Garc\u00eda Schumm, como director de la Facultad de Ingenier\u00eda Mec\u00e1nica y El\u00e9ctrica (FIME) y al Mtro. Ricardo Jurado Rangel, como director de la Facultad de Ciencias Pol\u00edticas y Sociales (FCPyS).<\/p>\n\n\n\n<p>Acompa\u00f1ado por la coordinadora de Unidad Laguna, Sandra L\u00f3pez Chavarr\u00eda, y ante miembros de los Consejos Directivos de cada plantel, docentes y estudiantes, el Rector afirm\u00f3 que las elecciones son parte fundamental del quehacer de la Universidad, y que el Estatuto Universitario convoca a cumplir con los ejercicios que llevan a vivir la democracia en cada una de las escuelas y facultades que forman parte de la m\u00e1xima casa de estudios.<\/p>\n\n\n\n<p>Pimentel Mart\u00ednez, felicit\u00f3 a los directores y los invit\u00f3 a trabajar en equipo y a poner los intereses de la UAdeC por encima de los personales, con la finalidad de seguir avanzando y con ello consolidar la vinculaci\u00f3n de los estudiantes con el campo empresarial y a la comunidad universitaria de FIME, la exhort\u00f3 a trabajar en las acreditaciones, as\u00ed como en la actualizaci\u00f3n curricular y en las investigaciones que d\u00eda a d\u00eda realizan los estudiantes en los laboratorios.<\/p>\n\n\n\n<p>Por su parte, el director de la Facultad de Ingenier\u00eda Mec\u00e1nica y El\u00e9ctrica, Manuel de Jes\u00fas Garc\u00eda Schumm, agradeci\u00f3 a los docentes, estudiantes, personal manual y administrativo, a quienes les prometi\u00f3 ejecutar un plan de trabajo basado en cinco ejes principales: 1. Educaci\u00f3n de calidad, 2. Formaci\u00f3n integral y enfoque sustentable, 3. Promoci\u00f3n y fomento de la participaci\u00f3n en actividades art\u00edsticas, culturales y deportivas, 4. Incorporaci\u00f3n de docentes e investigadores de calidad al Sistema Nacional de Investigadores y 5. Vinculaci\u00f3n e internalizaci\u00f3n de estudiantes y docentes.<\/p>\n\n\n\n<p>Mientras que, el director de la Facultad de Ciencias Pol\u00edticas y Sociales, Ricardo Jurado Rangel, se\u00f1al\u00f3 que desde hace tres a\u00f1os ha tenido el acercamiento y una pol\u00edtica de puertas abiertas, y ahora en su segundo periodo continuar\u00e1 as\u00ed, dispuesto a ayudar a las y los alumnos y a los egresados.<\/p>\n\n\n\n<p>Agreg\u00f3 que, impulsar\u00e1 proyectos para vincular a la Facultad con el exterior, ya que es importante que se conozca lo que pueden hacer los estudiantes y docentes por y para las empresas y la sociedad.<\/p>\n","protected":false},"excerpt":{"rendered":"<p>TORRE\u00d3N, Coahuila. 21 de octubre de 2024. En gira de trabajo por la Unidad Laguna, el rector de la Universidad Aut\u00f3noma de Coahuila, Octavio Pimentel Mart\u00ednez, tom\u00f3 protesta al Ing. Manuel de Jes\u00fas Garc\u00eda Schumm, como director de la Facultad de Ingenier\u00eda Mec\u00e1nica y El\u00e9ctrica (FIME) y al Mtro. Ricardo Jurado Rangel, como director de [&hellip;]<\/p>\n","protected":false},"author":1,"featured_media":11297,"comment_status":"open","ping_status":"open","sticky":false,"template":"","format":"standard","meta":{"_monsterinsights_skip_tracking":false,"_monsterinsights_sitenote_active":false,"_monsterinsights_sitenote_note":"","_monsterinsights_sitenote_category":0,"footnotes":""},"categories":[1],"tags":[],"_links":{"self":[{"href":"https:\/\/zonalimitrofe-cbnr.com\/index.php\/wp-json\/wp\/v2\/posts\/11296"}],"collection":[{"href":"https:\/\/zonalimitrofe-cbnr.com\/index.php\/wp-json\/wp\/v2\/posts"}],"about":[{"href":"https:\/\/zonalimitrofe-cbnr.com\/index.php\/wp-json\/wp\/v2\/types\/post"}],"author":[{"embeddable":true,"href":"https:\/\/zonalimitrofe-cbnr.com\/index.php\/wp-json\/wp\/v2\/users\/1"}],"replies":[{"embeddable":true,"href":"https:\/\/zonalimitrofe-cbnr.com\/index.php\/wp-json\/wp\/v2\/comments?post=11296"}],"version-history":[{"count":1,"href":"https:\/\/zonalimitrofe-cbnr.com\/index.php\/wp-json\/wp\/v2\/posts\/11296\/revisions"}],"predecessor-version":[{"id":11298,"href":"https:\/\/zonalimitrofe-cbnr.com\/index.php\/wp-json\/wp\/v2\/posts\/11296\/revisions\/11298"}],"wp:featuredmedia":[{"embeddable":true,"href":"https:\/\/zonalimitrofe-cbnr.com\/index.php\/wp-json\/wp\/v2\/media\/11297"}],"wp:attachment":[{"href":"https:\/\/zonalimitrofe-cbnr.com\/index.php\/wp-json\/wp\/v2\/media?parent=11296"}],"wp:term":[{"taxonomy":"category","embeddable":true,"href":"https:\/\/zonalimitrofe-cbnr.com\/index.php\/wp-json\/wp\/v2\/categories?post=11296"},{"taxonomy":"post_tag","embeddable":true,"href":"https:\/\/zonalimitrofe-cbnr.com\/index.php\/wp-json\/wp\/v2\/tags?post=11296"}],"curies":[{"name":"wp","href":"https:\/\/api.w.org\/{rel}","templated":true}]}}