{"id":11291,"date":"2024-10-21T16:38:43","date_gmt":"2024-10-21T22:38:43","guid":{"rendered":"https:\/\/zonalimitrofe-cbnr.com\/?p=11291"},"modified":"2024-10-21T16:40:54","modified_gmt":"2024-10-21T22:40:54","slug":"torreon-abren-circulacion-del-paso-a-desnivel-de-la-calle-comonfort","status":"publish","type":"post","link":"https:\/\/zonalimitrofe-cbnr.com\/index.php\/2024\/10\/21\/torreon-abren-circulacion-del-paso-a-desnivel-de-la-calle-comonfort\/","title":{"rendered":"#Torre\u00f3n. Abren circulaci\u00f3n del paso a desnivel de la calle Comonfort"},"content":{"rendered":"\n<p><strong>Torre\u00f3n, Coahuila. A 21 de octubre de 2024.-<\/strong> El alcalde Rom\u00e1n Alberto Cepeda Gonz\u00e1lez encabez\u00f3 la reapertura de la circulaci\u00f3n del paso a desnivel de la calle Comonfort, que fue cerrado el pasado mes de septiembre para seguridad de la ciudadan\u00eda, debido a los da\u00f1os presentados en la barda de la empresa Pe\u00f1oles localizada en esa vialidad. El Alcalde record\u00f3 que durante la semana de precipitaciones pluviales extraordinarias que se registraron en septiembre, se acumul\u00f3 un porcentaje de lluvias semejante al de todo un a\u00f1o, lo que deriv\u00f3 en diversas afectaciones como fue el caso del derrumbe de parte de la barda de la empresa. \u201cEs una obra derivada de una lluvia extraordinaria, en esa semana cayeron 183 mm que es casi el 85 por ciento de lo que llueve en todo el a\u00f1o en Torre\u00f3n, y caus\u00f3 este tipo de inconvenientes y otros como en la colonia Santiago Ram\u00edrez y otras zonas, pero este lo atendimos de manera coordinada con Pe\u00f1oles donde siempre hemos tenido una extraordinaria relaci\u00f3n para trabajar de manera coordinada con las colonias del poniente\u201d, declar\u00f3 el edil. La inversi\u00f3n municipal consisti\u00f3 en trabajos de reparaci\u00f3n de tres mil cien metros cuadrados de micro carpeta asf\u00e1ltica, adem\u00e1s de mejoras en la se\u00f1al\u00e9tica y reparaci\u00f3n de sem\u00e1foros. Cepeda Gonz\u00e1lez resalt\u00f3 la coordinaci\u00f3n con la empresa Pe\u00f1oles para dar soluci\u00f3n inmediata a los da\u00f1os de la barda que caus\u00f3 afectaci\u00f3n en la circulaci\u00f3n del paso a desnivel de esa zona. \u201cEs una inversi\u00f3n coordinada donde nos toca poner el recarpeteo, pero al final del camino da muestra que cuando se trabaja en coordinaci\u00f3n con quienes tienen compromiso con Torre\u00f3n, en hechos lamentables como los que pasaron, se pueden arreglar las cosas y hoy se abre el paso que tanto esperamos\u201d, extern\u00f3 el Alcalde. Adem\u00e1s, el Presidente Municipal se\u00f1al\u00f3 que habr\u00e1 m\u00e1s obras al poniente, que es parte del origen de Torre\u00f3n, y reiter\u00f3 su agradecimiento a Pe\u00f1oles por el compromiso compartido en su Administraci\u00f3n.<br>\u00a0<br>La reapertura a la circulaci\u00f3n del paso a desnivel beneficia a sectores como Luis Echeverr\u00eda, Lucio Blanco, Primera de Mayo, Nueva Aurora, Nueva Creaci\u00f3n, Francisco I Madero, Zacatecas y Metal\u00fargica, por mencionar algunos.<br>Juan Adolfo Von Bertrab Saracho, director de Obras P\u00fablicas, dijo que los trabajos coordinados de reconstrucci\u00f3n de la barda iniciaron de forma inmediata que se present\u00f3 el da\u00f1o, y explic\u00f3 que se coloc\u00f3 una estructura para reforzamiento del paso peatonal y en su totalidad.<br>\u00a0<br>\u201cSe hizo la cimentaci\u00f3n cicl\u00f3pea para el soporte de la barda y reconstrucci\u00f3n a base de piedra con drenes para salida de agua, trabajos ejecutados por la empresa contratada por Pe\u00f1oles\u201d, mencion\u00f3.<br>\u00a0<br>Rafael Rebollar Gonz\u00e1lez, director general de la empresa Pe\u00f1oles, destac\u00f3 la coordinaci\u00f3n con el Municipio y Ferromex.<br>\u00a0<br>\u201cEl Alcalde inmediatamente arm\u00f3 un equipo de obras p\u00fablicas para la coordinaci\u00f3n y asesoramiento en los criterios de construcci\u00f3n que se ten\u00edan que utilizar, le agradezco al Presidente Municipal por el recarpeteo de la calle que ya estaba muy da\u00f1ada, as\u00ed como por la coordinaci\u00f3n, gu\u00eda y ayuda que nos ofrecieron\u201d<br>\u00a0<br>Jaime Allegre Cueto, representante de Alfa Construcciones detall\u00f3 que se trabaj\u00f3 en tres etapas: la parte central, el muro del lado sur y el lado norte.<\/p>\n\n\n\n<p>Cabe destacar que desde que se registr\u00f3 el deslave de la barda, agentes de Tr\u00e1nsito y Vialidad estuvieron vigilando el paso a desnivel para garantizar la seguridad de la ciudadan\u00eda.<\/p>\n","protected":false},"excerpt":{"rendered":"<p>Torre\u00f3n, Coahuila. A 21 de octubre de 2024.- El alcalde Rom\u00e1n Alberto Cepeda Gonz\u00e1lez encabez\u00f3 la reapertura de la circulaci\u00f3n del paso a desnivel de la calle Comonfort, que fue cerrado el pasado mes de septiembre para seguridad de la ciudadan\u00eda, debido a los da\u00f1os presentados en la barda de la empresa Pe\u00f1oles localizada en [&hellip;]<\/p>\n","protected":false},"author":1,"featured_media":11294,"comment_status":"open","ping_status":"open","sticky":false,"template":"","format":"standard","meta":{"_monsterinsights_skip_tracking":false,"_monsterinsights_sitenote_active":false,"_monsterinsights_sitenote_note":"","_monsterinsights_sitenote_category":0,"footnotes":""},"categories":[1],"tags":[],"_links":{"self":[{"href":"https:\/\/zonalimitrofe-cbnr.com\/index.php\/wp-json\/wp\/v2\/posts\/11291"}],"collection":[{"href":"https:\/\/zonalimitrofe-cbnr.com\/index.php\/wp-json\/wp\/v2\/posts"}],"about":[{"href":"https:\/\/zonalimitrofe-cbnr.com\/index.php\/wp-json\/wp\/v2\/types\/post"}],"author":[{"embeddable":true,"href":"https:\/\/zonalimitrofe-cbnr.com\/index.php\/wp-json\/wp\/v2\/users\/1"}],"replies":[{"embeddable":true,"href":"https:\/\/zonalimitrofe-cbnr.com\/index.php\/wp-json\/wp\/v2\/comments?post=11291"}],"version-history":[{"count":2,"href":"https:\/\/zonalimitrofe-cbnr.com\/index.php\/wp-json\/wp\/v2\/posts\/11291\/revisions"}],"predecessor-version":[{"id":11295,"href":"https:\/\/zonalimitrofe-cbnr.com\/index.php\/wp-json\/wp\/v2\/posts\/11291\/revisions\/11295"}],"wp:featuredmedia":[{"embeddable":true,"href":"https:\/\/zonalimitrofe-cbnr.com\/index.php\/wp-json\/wp\/v2\/media\/11294"}],"wp:attachment":[{"href":"https:\/\/zonalimitrofe-cbnr.com\/index.php\/wp-json\/wp\/v2\/media?parent=11291"}],"wp:term":[{"taxonomy":"category","embeddable":true,"href":"https:\/\/zonalimitrofe-cbnr.com\/index.php\/wp-json\/wp\/v2\/categories?post=11291"},{"taxonomy":"post_tag","embeddable":true,"href":"https:\/\/zonalimitrofe-cbnr.com\/index.php\/wp-json\/wp\/v2\/tags?post=11291"}],"curies":[{"name":"wp","href":"https:\/\/api.w.org\/{rel}","templated":true}]}}