{"id":11285,"date":"2024-10-21T16:31:52","date_gmt":"2024-10-21T22:31:52","guid":{"rendered":"https:\/\/zonalimitrofe-cbnr.com\/?p=11285"},"modified":"2024-10-21T16:31:52","modified_gmt":"2024-10-21T22:31:52","slug":"durango-marisol-y-esteban-llevan-musica-baile-y-tradicion-a-los-duranguenses-con-primera-callejoneada-rosa","status":"publish","type":"post","link":"https:\/\/zonalimitrofe-cbnr.com\/index.php\/2024\/10\/21\/durango-marisol-y-esteban-llevan-musica-baile-y-tradicion-a-los-duranguenses-con-primera-callejoneada-rosa\/","title":{"rendered":"#Durango. Marisol y Esteban llevan m\u00fasica, baile y tradici\u00f3n a los duranguenses con primera \u201cCallejoneada Rosa\u201d"},"content":{"rendered":"\n<ul>\n<li><em>Gobierno Estatal a trav\u00e9s del DIF Estatal conmemora D\u00eda Internacional Contra el C\u00e1ncer de Mama.<\/em><\/li>\n\n\n\n<li><em>Familias completas disfrutaron del recorrido con alegr\u00eda y diversi\u00f3n hasta llegar al Teatro del Calvario \u201cLilia Santaella\u201d.<\/em><\/li>\n<\/ul>\n\n\n\n<p>En un ambiente lleno de alegr\u00eda, m\u00fasica y tradici\u00f3n, cientos de duranguenses disfrutaron de la primera \u201cCallejoneada Rosa\u201d, que el gobernador Esteban Villegas y su esposa Marisol Rosso organizaron para conmemorar el D\u00eda Internacional Contra el C\u00e1ncer de Mama.<\/p>\n\n\n\n<p>\u201cNo est\u00e1n solas, tienen un gobierno amigo en el que pueden confiar, estamos tratando de hacer todo lo que est\u00e1 en nuestras manos, porque si se detecta a tiempo esta enfermedad, es curable\u201d, les dijo el Mandatario Estatal a mujeres duranguenses que se dieron cita este domingo en el Teatro del Calvario \u201cLilia Santaella\u201d.<\/p>\n\n\n\n<p>La presidenta del DIF Estatal, Marisol Rosso Rivera, mencion\u00f3 que esta y las dem\u00e1s actividades del mes rosa, es por esas mujeres inquebrantables a quienes les asegur\u00f3 que cuentan con ella, porque unidas y con el coraz\u00f3n lleno de fe, se lucha para que ninguna m\u00e1s padezca esta enfermedad; \u201cestamos hechas de fortaleza y amor, y cuando la mujer est\u00e1 bien, la familia est\u00e1 bien, que vivan las mujeres duranguenses\u201d, apunt\u00f3.<\/p>\n\n\n\n<p>Con presencia de guerreras sobrevivientes a esta enfermedad, la primera \u201cCallejoneada Rosa\u201d inici\u00f3 en la calle 20 de Noviembre esquina con Independencia, para luego recorrer algunas cuadras acompa\u00f1ados de m\u00fasica, baile y tradici\u00f3n junto a cientos de familia duranguenses, que luego tuvieron la oportunidad de disfrutar espect\u00e1culos y presentaciones de artistas locales.<\/p>\n\n\n\n<p>Entre las actividades del mes Rosa, queda pendiente la realizaci\u00f3n de la \u201cMarea Rosa Glow 2024\u201d, la cual se llevar\u00e1 a cabo los pr\u00f3ximos 25 y 26 de octubre en La Laguna y Durango, respectivamente.<\/p>\n","protected":false},"excerpt":{"rendered":"<p>En un ambiente lleno de alegr\u00eda, m\u00fasica y tradici\u00f3n, cientos de duranguenses disfrutaron de la primera \u201cCallejoneada Rosa\u201d, que el gobernador Esteban Villegas y su esposa Marisol Rosso organizaron para conmemorar el D\u00eda Internacional Contra el C\u00e1ncer de Mama. \u201cNo est\u00e1n solas, tienen un gobierno amigo en el que pueden confiar, estamos tratando de hacer [&hellip;]<\/p>\n","protected":false},"author":1,"featured_media":11286,"comment_status":"open","ping_status":"open","sticky":false,"template":"","format":"standard","meta":{"_monsterinsights_skip_tracking":false,"_monsterinsights_sitenote_active":false,"_monsterinsights_sitenote_note":"","_monsterinsights_sitenote_category":0,"footnotes":""},"categories":[1],"tags":[],"_links":{"self":[{"href":"https:\/\/zonalimitrofe-cbnr.com\/index.php\/wp-json\/wp\/v2\/posts\/11285"}],"collection":[{"href":"https:\/\/zonalimitrofe-cbnr.com\/index.php\/wp-json\/wp\/v2\/posts"}],"about":[{"href":"https:\/\/zonalimitrofe-cbnr.com\/index.php\/wp-json\/wp\/v2\/types\/post"}],"author":[{"embeddable":true,"href":"https:\/\/zonalimitrofe-cbnr.com\/index.php\/wp-json\/wp\/v2\/users\/1"}],"replies":[{"embeddable":true,"href":"https:\/\/zonalimitrofe-cbnr.com\/index.php\/wp-json\/wp\/v2\/comments?post=11285"}],"version-history":[{"count":1,"href":"https:\/\/zonalimitrofe-cbnr.com\/index.php\/wp-json\/wp\/v2\/posts\/11285\/revisions"}],"predecessor-version":[{"id":11287,"href":"https:\/\/zonalimitrofe-cbnr.com\/index.php\/wp-json\/wp\/v2\/posts\/11285\/revisions\/11287"}],"wp:featuredmedia":[{"embeddable":true,"href":"https:\/\/zonalimitrofe-cbnr.com\/index.php\/wp-json\/wp\/v2\/media\/11286"}],"wp:attachment":[{"href":"https:\/\/zonalimitrofe-cbnr.com\/index.php\/wp-json\/wp\/v2\/media?parent=11285"}],"wp:term":[{"taxonomy":"category","embeddable":true,"href":"https:\/\/zonalimitrofe-cbnr.com\/index.php\/wp-json\/wp\/v2\/categories?post=11285"},{"taxonomy":"post_tag","embeddable":true,"href":"https:\/\/zonalimitrofe-cbnr.com\/index.php\/wp-json\/wp\/v2\/tags?post=11285"}],"curies":[{"name":"wp","href":"https:\/\/api.w.org\/{rel}","templated":true}]}}