{"id":11276,"date":"2024-10-20T16:37:59","date_gmt":"2024-10-20T22:37:59","guid":{"rendered":"https:\/\/zonalimitrofe-cbnr.com\/?p=11276"},"modified":"2024-10-20T16:37:59","modified_gmt":"2024-10-20T22:37:59","slug":"torreon-convocan-a-participar-en-el-tercer-desfile-del-dia-de-muertos","status":"publish","type":"post","link":"https:\/\/zonalimitrofe-cbnr.com\/index.php\/2024\/10\/20\/torreon-convocan-a-participar-en-el-tercer-desfile-del-dia-de-muertos\/","title":{"rendered":"#Torre\u00f3n. Convocan a participar en el \u201cTercer desfile del D\u00eda de Muertos\u201d"},"content":{"rendered":"\n<p>Torre\u00f3n, Coahuila a 20 de octubre de 2024.<\/p>\n\n\n\n<p>El Municipio de Torre\u00f3n, a trav\u00e9s del Sistema para el Desarrollo Integral de la Familia (DIF), el Instituto Municipal de Cultura y Educaci\u00f3n (IMCE), y la Direcci\u00f3n de Turismo, convocan a centros educativos, academias art\u00edsticas, culturales y deportivas, as\u00ed como al sector empresarial y a la ciudadan\u00eda general a participar en el \u201cTercer desfile del D\u00eda de Muertos\u201d.<\/p>\n\n\n\n<p>Los interesados deber\u00e1n de participar en comparsa y caracterizados con alusi\u00f3n al D\u00eda de Muertos.<\/p>\n\n\n\n<p>Tendr\u00e1n que registrarse a trav\u00e9s de un inbox a la p\u00e1gina de Facebook del IMCE o enviar un mail a HYPERLINK &#8220;mailto:centrohistoricotorreonimce@gmail.com&#8221; centrohistoricotorreonimce@gmail.com, o bien por el n\u00famero de WhatsApp 871 897 43 60.<\/p>\n\n\n\n<p>La fecha del cierre del registro es el pr\u00f3ximo domingo 27 de octubre.<\/p>\n\n\n\n<p>El desfile se realizar\u00e1 el viernes uno de noviembre a las 18:00 horas. El punto de reuni\u00f3n ser\u00e1 en la Fuente del Pensador de la Alameda Zaragoza y finalizar\u00e1 en la Plaza Mayor.<\/p>\n\n\n\n<p>Al finalizar se les entregar\u00e1 a los participantes un certificado por haber formado parte del \u201cTercer desfile del D\u00eda de Muertos\u201d.<\/p>\n\n\n\n<p>El contingente ser\u00e1 en un escenario donde la Banda Municipal de Torre\u00f3n interpretar\u00e1 m\u00fasica tradicional mexicana, seguida del Proyecto de M\u00fasica de la Santiago Ram\u00edrez, para finalizar con la presentaci\u00f3n del Ballet Folcl\u00f3rico Citlac\u00f3atl de la Universidad Aut\u00f3noma de La Laguna (UAL).<\/p>\n\n\n\n<p>Antonio M\u00e9ndez Vigat\u00e1, director del IMCE, dio a conocer que para la edici\u00f3n de 2024 ya se tienen doce agrupaciones inscritas.<\/p>\n\n\n\n<p>Adem\u00e1s de que durante el evento habr\u00e1 personal del DIF ofreciendo maquillaje gratuito a los asistentes.<\/p>\n\n\n\n<p>Sobre los protocolos de seguridad, se comparti\u00f3 que el desfile contar\u00e1 con el apoyo de Protecci\u00f3n Civil, Bomberos, Cruz Roja, Tr\u00e1nsito y Vialidad, y Seguridad P\u00fablico.<\/p>\n","protected":false},"excerpt":{"rendered":"<p>Torre\u00f3n, Coahuila a 20 de octubre de 2024. El Municipio de Torre\u00f3n, a trav\u00e9s del Sistema para el Desarrollo Integral de la Familia (DIF), el Instituto Municipal de Cultura y Educaci\u00f3n (IMCE), y la Direcci\u00f3n de Turismo, convocan a centros educativos, academias art\u00edsticas, culturales y deportivas, as\u00ed como al sector empresarial y a la ciudadan\u00eda [&hellip;]<\/p>\n","protected":false},"author":1,"featured_media":11277,"comment_status":"open","ping_status":"open","sticky":false,"template":"","format":"standard","meta":{"_monsterinsights_skip_tracking":false,"_monsterinsights_sitenote_active":false,"_monsterinsights_sitenote_note":"","_monsterinsights_sitenote_category":0,"footnotes":""},"categories":[1],"tags":[],"_links":{"self":[{"href":"https:\/\/zonalimitrofe-cbnr.com\/index.php\/wp-json\/wp\/v2\/posts\/11276"}],"collection":[{"href":"https:\/\/zonalimitrofe-cbnr.com\/index.php\/wp-json\/wp\/v2\/posts"}],"about":[{"href":"https:\/\/zonalimitrofe-cbnr.com\/index.php\/wp-json\/wp\/v2\/types\/post"}],"author":[{"embeddable":true,"href":"https:\/\/zonalimitrofe-cbnr.com\/index.php\/wp-json\/wp\/v2\/users\/1"}],"replies":[{"embeddable":true,"href":"https:\/\/zonalimitrofe-cbnr.com\/index.php\/wp-json\/wp\/v2\/comments?post=11276"}],"version-history":[{"count":1,"href":"https:\/\/zonalimitrofe-cbnr.com\/index.php\/wp-json\/wp\/v2\/posts\/11276\/revisions"}],"predecessor-version":[{"id":11278,"href":"https:\/\/zonalimitrofe-cbnr.com\/index.php\/wp-json\/wp\/v2\/posts\/11276\/revisions\/11278"}],"wp:featuredmedia":[{"embeddable":true,"href":"https:\/\/zonalimitrofe-cbnr.com\/index.php\/wp-json\/wp\/v2\/media\/11277"}],"wp:attachment":[{"href":"https:\/\/zonalimitrofe-cbnr.com\/index.php\/wp-json\/wp\/v2\/media?parent=11276"}],"wp:term":[{"taxonomy":"category","embeddable":true,"href":"https:\/\/zonalimitrofe-cbnr.com\/index.php\/wp-json\/wp\/v2\/categories?post=11276"},{"taxonomy":"post_tag","embeddable":true,"href":"https:\/\/zonalimitrofe-cbnr.com\/index.php\/wp-json\/wp\/v2\/tags?post=11276"}],"curies":[{"name":"wp","href":"https:\/\/api.w.org\/{rel}","templated":true}]}}