{"id":11270,"date":"2024-10-20T16:32:11","date_gmt":"2024-10-20T22:32:11","guid":{"rendered":"https:\/\/zonalimitrofe-cbnr.com\/?p=11270"},"modified":"2024-10-20T16:32:12","modified_gmt":"2024-10-20T22:32:12","slug":"durango-con-una-inversion-historica-de-65-mdp-esteban-fortalece-la-infraestructura-educativa-en-poanas","status":"publish","type":"post","link":"https:\/\/zonalimitrofe-cbnr.com\/index.php\/2024\/10\/20\/durango-con-una-inversion-historica-de-65-mdp-esteban-fortalece-la-infraestructura-educativa-en-poanas\/","title":{"rendered":"#Durango. Con una inversi\u00f3n hist\u00f3rica de 65 mdp, Esteban fortalece la infraestructura educativa en Poanas*"},"content":{"rendered":"\n<ul>\n<li><em>Junto al DIF Estatal, el gobernador se compromete a la construcci\u00f3n y equipamiento de un comedor.<\/em><\/li>\n\n\n\n<li><em>\u201cEn Durango se sue\u00f1a en grande y nuestro gobernador cumple en grande\u201d: Octavio Fern\u00e1ndez, rector de la UTP.<\/em><\/li>\n<\/ul>\n\n\n\n<p>La infraestructura educativa en el estado se fortalece con la entrega de nuevas instalaciones en instituciones escolares. As\u00ed lo reafirm\u00f3 el gobernador Esteban Villegas al inaugurar en la Universidad Tecnol\u00f3gica de Poanas (UTP), un auditorio, salas de c\u00f3mputo y aulas equipadas, con un valor de 65 millones de pesos.<\/p>\n\n\n\n<p>Villegas Villarreal destac\u00f3 que solo el edificio tuvo un costo de 59 millones de pesos: \u201cEste es un edificio emblem\u00e1tico para la universidad; es pr\u00e1cticamente otra ala, entre la parte administrativa y salones. A m\u00ed no me gusta dejar las cosas a la mitad; yo soy de los que, si empieza algo, lo termina, y \u00e9ste, qui\u00e9n sabe cu\u00e1nto ten\u00eda ah\u00ed que nom\u00e1s le parchaban. Las cosas se hacen, no se dicen ni se piensan\u201d, expres\u00f3.<\/p>\n\n\n\n<p>Fue a trav\u00e9s de una llamada telef\u00f3nica en la que el gobernador y la presidenta del DIF Estatal, Marisol Rosso, hicieron el compromiso de la construcci\u00f3n, equipamiento y surtido de despensa de un comedor para los estudiantes: \u201cQue este mismo a\u00f1o les hagan el lugar, lo equipamos, y a trav\u00e9s de Marisol, que les manden la despensa cada dos meses para quien m\u00e1s lo necesite. Yo jalo, pues\u201d.<\/p>\n\n\n\n<p>El rector de la UTP, Octavio Fern\u00e1ndez Zamora, asegur\u00f3 que \u201cen Durango se sue\u00f1a en grande y nuestro gobernador cumple en grande\u201d. Reconoci\u00f3 la visi\u00f3n y el apoyo del jefe estatal y resalt\u00f3 que, con esta entrega, se da fe a uno de los m\u00e1s grandes compromisos: la creaci\u00f3n de espacios dignos con los mejores equipos y condiciones para que los sue\u00f1os se cumplan. Este proyecto se posiciona como un centro de acopio y esperanzas para estudiantes y padres de familia.<\/p>\n\n\n\n<p>La presidenta de la Sociedad de Alumnos, Vanessa Hern\u00e1ndez Mart\u00ednez, a nombre de la comunidad estudiantil, dijo que la inauguraci\u00f3n de estos nuevos espacios representa una mejora en la instituci\u00f3n y simboliza el crecimiento y el compromiso colectivo hacia el futuro brillante de la universidad. \u201cGracias, gobernador. Su invaluable apoyo y visi\u00f3n son fundamentales para hacer posible este proyecto; demuestra una vez m\u00e1s su firme compromiso con la educaci\u00f3n y el desarrollo social de nuestra regi\u00f3n\u201d.<\/p>\n\n\n\n<p>El diputado local, Osbaldo Santill\u00e1n G\u00f3mez, de la Comisi\u00f3n del Campo, expuso que se trabaja en equipo, ya que esta legislatura es muy plural. \u201cHemos visto que Esteban est\u00e1 al pendiente del campo, por eso vamos a jalar con el gobernador para atender las nuevas peticiones que tienen los duranguenses\u201d.<\/p>\n\n\n\n<p>El alcalde, V\u00edctor Capurro Aispuro, agradeci\u00f3 las acciones que mejoran la calidad de vida de los poanenses y reiter\u00f3 que Poanas se suma a la labor del Gobierno del Estado. \u201cVamos a entrarle con todo lo que est\u00e9 a nuestro alcance para continuar con el trabajo en coordinaci\u00f3n con Esteban\u201d.<\/p>\n\n\n\n<p>El jefe estatal concluy\u00f3 el evento acordando la pavimentaci\u00f3n del acceso a la UTP, ya que fue una petici\u00f3n realizada por la presidenta de la Sociedad de Alumnos, Vanessa Hern\u00e1ndez Mart\u00ednez, durante el evento.<\/p>\n","protected":false},"excerpt":{"rendered":"<p>La infraestructura educativa en el estado se fortalece con la entrega de nuevas instalaciones en instituciones escolares. As\u00ed lo reafirm\u00f3 el gobernador Esteban Villegas al inaugurar en la Universidad Tecnol\u00f3gica de Poanas (UTP), un auditorio, salas de c\u00f3mputo y aulas equipadas, con un valor de 65 millones de pesos. Villegas Villarreal destac\u00f3 que solo el [&hellip;]<\/p>\n","protected":false},"author":1,"featured_media":11271,"comment_status":"open","ping_status":"open","sticky":false,"template":"","format":"standard","meta":{"_monsterinsights_skip_tracking":false,"_monsterinsights_sitenote_active":false,"_monsterinsights_sitenote_note":"","_monsterinsights_sitenote_category":0,"footnotes":""},"categories":[1],"tags":[],"_links":{"self":[{"href":"https:\/\/zonalimitrofe-cbnr.com\/index.php\/wp-json\/wp\/v2\/posts\/11270"}],"collection":[{"href":"https:\/\/zonalimitrofe-cbnr.com\/index.php\/wp-json\/wp\/v2\/posts"}],"about":[{"href":"https:\/\/zonalimitrofe-cbnr.com\/index.php\/wp-json\/wp\/v2\/types\/post"}],"author":[{"embeddable":true,"href":"https:\/\/zonalimitrofe-cbnr.com\/index.php\/wp-json\/wp\/v2\/users\/1"}],"replies":[{"embeddable":true,"href":"https:\/\/zonalimitrofe-cbnr.com\/index.php\/wp-json\/wp\/v2\/comments?post=11270"}],"version-history":[{"count":1,"href":"https:\/\/zonalimitrofe-cbnr.com\/index.php\/wp-json\/wp\/v2\/posts\/11270\/revisions"}],"predecessor-version":[{"id":11272,"href":"https:\/\/zonalimitrofe-cbnr.com\/index.php\/wp-json\/wp\/v2\/posts\/11270\/revisions\/11272"}],"wp:featuredmedia":[{"embeddable":true,"href":"https:\/\/zonalimitrofe-cbnr.com\/index.php\/wp-json\/wp\/v2\/media\/11271"}],"wp:attachment":[{"href":"https:\/\/zonalimitrofe-cbnr.com\/index.php\/wp-json\/wp\/v2\/media?parent=11270"}],"wp:term":[{"taxonomy":"category","embeddable":true,"href":"https:\/\/zonalimitrofe-cbnr.com\/index.php\/wp-json\/wp\/v2\/categories?post=11270"},{"taxonomy":"post_tag","embeddable":true,"href":"https:\/\/zonalimitrofe-cbnr.com\/index.php\/wp-json\/wp\/v2\/tags?post=11270"}],"curies":[{"name":"wp","href":"https:\/\/api.w.org\/{rel}","templated":true}]}}