{"id":11255,"date":"2024-10-20T15:04:44","date_gmt":"2024-10-20T21:04:44","guid":{"rendered":"https:\/\/zonalimitrofe-cbnr.com\/?p=11255"},"modified":"2024-10-20T15:04:44","modified_gmt":"2024-10-20T21:04:44","slug":"gp-ayuntamiento-de-gomez-palacio-conmemora-el-dia-mundial-de-la-alimentacion","status":"publish","type":"post","link":"https:\/\/zonalimitrofe-cbnr.com\/index.php\/2024\/10\/20\/gp-ayuntamiento-de-gomez-palacio-conmemora-el-dia-mundial-de-la-alimentacion\/","title":{"rendered":"#GP. Ayuntamiento de G\u00f3mez Palacio conmemora el D\u00eda Mundial de la Alimentaci\u00f3n"},"content":{"rendered":"\n<p>Este lunes 21 de octubre, en el marco del D\u00eda Mundial de la Alimentaci\u00f3n 2024 y bajo el lema \u201cDerecho a los alimentos para una vida y un futuro mejores\u201d, el Ayuntamiento de G\u00f3mez Palacio llevar\u00e1 a cabo una jornada de orientaci\u00f3n sobre alimentaci\u00f3n adecuada, la cual tendr\u00e1 lugar a las afueras de la Direcci\u00f3n de Salud Municipal, contigua a la Presidencia Municipal.<\/p>\n\n\n\n<p>Jos\u00e9 Antonio Adame de Le\u00f3n, titular de la Direcci\u00f3n Municipal de Salud, subray\u00f3 la importancia que la Presidenta Municipal Leticia Herrera Ale otorga a la salud de los gomezpalatinos, motivo por el cual ha apoyado esta iniciativa que busca informar a los ciudadanos sobre las formas adecuadas de alimentaci\u00f3n.<\/p>\n\n\n\n<p>Durante el evento, se proporcionar\u00e1n herramientas que faciliten a los asistentes la mejora de su estilo de vida a trav\u00e9s de una alimentaci\u00f3n equilibrada, ajustada a los recursos de cada familia.<\/p>\n\n\n\n<p>Alejandra de Anda Ceniceros, responsable del Departamento de Nutrici\u00f3n de Salud Municipal, coment\u00f3 que una gran parte de la poblaci\u00f3n desconoce c\u00f3mo seleccionar una dieta saludable y frecuentemente opta por opciones m\u00e1s c\u00f3modas, pero menos beneficiosas. Por ello, desde Salud Municipal se ofrece asesoramiento nutricional durante todo el a\u00f1o.<\/p>\n\n\n\n<p>De Anda Ceniceros enfatiz\u00f3 que la obesidad y el sobrepeso son principales factores de riesgo para enfermedades cr\u00f3nicas como diabetes, hipertensi\u00f3n y accidentes cerebrovasculares. Por esta raz\u00f3n, inst\u00f3 a la poblaci\u00f3n a adoptar una alimentaci\u00f3n balanceada para prevenir o controlar estas condiciones.<\/p>\n","protected":false},"excerpt":{"rendered":"<p>Este lunes 21 de octubre, en el marco del D\u00eda Mundial de la Alimentaci\u00f3n 2024 y bajo el lema \u201cDerecho a los alimentos para una vida y un futuro mejores\u201d, el Ayuntamiento de G\u00f3mez Palacio llevar\u00e1 a cabo una jornada de orientaci\u00f3n sobre alimentaci\u00f3n adecuada, la cual tendr\u00e1 lugar a las afueras de la Direcci\u00f3n [&hellip;]<\/p>\n","protected":false},"author":1,"featured_media":11256,"comment_status":"open","ping_status":"open","sticky":false,"template":"","format":"standard","meta":{"_monsterinsights_skip_tracking":false,"_monsterinsights_sitenote_active":false,"_monsterinsights_sitenote_note":"","_monsterinsights_sitenote_category":0,"footnotes":""},"categories":[1],"tags":[],"_links":{"self":[{"href":"https:\/\/zonalimitrofe-cbnr.com\/index.php\/wp-json\/wp\/v2\/posts\/11255"}],"collection":[{"href":"https:\/\/zonalimitrofe-cbnr.com\/index.php\/wp-json\/wp\/v2\/posts"}],"about":[{"href":"https:\/\/zonalimitrofe-cbnr.com\/index.php\/wp-json\/wp\/v2\/types\/post"}],"author":[{"embeddable":true,"href":"https:\/\/zonalimitrofe-cbnr.com\/index.php\/wp-json\/wp\/v2\/users\/1"}],"replies":[{"embeddable":true,"href":"https:\/\/zonalimitrofe-cbnr.com\/index.php\/wp-json\/wp\/v2\/comments?post=11255"}],"version-history":[{"count":1,"href":"https:\/\/zonalimitrofe-cbnr.com\/index.php\/wp-json\/wp\/v2\/posts\/11255\/revisions"}],"predecessor-version":[{"id":11257,"href":"https:\/\/zonalimitrofe-cbnr.com\/index.php\/wp-json\/wp\/v2\/posts\/11255\/revisions\/11257"}],"wp:featuredmedia":[{"embeddable":true,"href":"https:\/\/zonalimitrofe-cbnr.com\/index.php\/wp-json\/wp\/v2\/media\/11256"}],"wp:attachment":[{"href":"https:\/\/zonalimitrofe-cbnr.com\/index.php\/wp-json\/wp\/v2\/media?parent=11255"}],"wp:term":[{"taxonomy":"category","embeddable":true,"href":"https:\/\/zonalimitrofe-cbnr.com\/index.php\/wp-json\/wp\/v2\/categories?post=11255"},{"taxonomy":"post_tag","embeddable":true,"href":"https:\/\/zonalimitrofe-cbnr.com\/index.php\/wp-json\/wp\/v2\/tags?post=11255"}],"curies":[{"name":"wp","href":"https:\/\/api.w.org\/{rel}","templated":true}]}}