{"id":11227,"date":"2024-10-19T13:27:21","date_gmt":"2024-10-19T19:27:21","guid":{"rendered":"https:\/\/zonalimitrofe-cbnr.com\/?p=11227"},"modified":"2024-10-19T13:27:21","modified_gmt":"2024-10-19T19:27:21","slug":"lerdo-celebran-aniversario-de-la-banda-sinfonica-de-lerdo","status":"publish","type":"post","link":"https:\/\/zonalimitrofe-cbnr.com\/index.php\/2024\/10\/19\/lerdo-celebran-aniversario-de-la-banda-sinfonica-de-lerdo\/","title":{"rendered":"#Lerdo. CELEBRAN ANIVERSARIO DE LA BANDA SINF\u00d3NICA DE LERDO"},"content":{"rendered":"\n<p>Lerdo, 19 de octubre 2024.- La direcci\u00f3n de Arte y Cultura celebr\u00f3 el 18\u00b0 aniversario de la Banda sinf\u00f3nica Infantil y Juvenil de Lerdo, el viernes por la noche durante el Caf\u00e9 Cultural &#8220;Casa Hintze&#8221;, con la presentaci\u00f3n de los j\u00f3venes de la banda, a cargo de la Maestra Mar\u00eda de los \u00c1ngeles Mac\u00edas Adame.<\/p>\n\n\n\n<p>El director de Arte y Cultura, H\u00e9ctor Escamilla \u00c1vila, reconoci\u00f3 el talento de la Banda Sinf\u00f3nica, y destac\u00f3 que el Presidente Municipal Homero Mart\u00ednez Cabrera, est\u00e1 comprometido en apoyar para que los j\u00f3venes contin\u00faen desarrollando sus habilidades musicales.<\/p>\n\n\n\n<p>Con un toque majestuoso, de sofisticaci\u00f3n, as\u00ed como diversi\u00f3n y peculiaridad, los integrantes de la banda presentaron melod\u00edas como Vals no. 2 de Dmitri Shostakovich, Havana de Camila Cabello, El vals de Harry Potter de &#8220;El C\u00e1liz de Fuego&#8221;, Bohemian Rhapsody de Queen.<\/p>\n\n\n\n<p>Adem\u00e1s de las cl\u00e1sicas piezas Guantanamera, De qu\u00e9 manera te olvido (con arreglo versi\u00f3n danz\u00f3n), Zacatl\u00e1n y el pasacalle &#8220;De Lerdo a Torre\u00f3n&#8221;.<\/p>\n\n\n\n<p>En este quinto Caf\u00e9 Cultural \u201cCasa Hintze\u201d se record\u00f3 el inicio de la banda, que fue el 16 de octubre del a\u00f1o 2006, bajo la direcci\u00f3n del Maestro Jes\u00fas Mac\u00edas Medina, contando con el apoyo de los maestros Mar\u00eda de los \u00c1ngeles Mac\u00edas Adame y Abel Mac\u00edas Medina, quienes tambi\u00e9n se han encargado de la ense\u00f1anza musical.<\/p>\n\n\n\n<p>Los j\u00f3venes integrantes de esta agrupaci\u00f3n reciben clases de solfeo, r\u00edtmica y m\u00e9trica, instrumento, y m\u00e1s, lo que los ha llevado a obtener grandes logros y participaciones en diversos programas culturales.<\/p>\n\n\n\n<p>Al finalizar la presentaci\u00f3n, el director de Arte y Cultura, H\u00e9ctor Escamilla, entreg\u00f3 un reconocimiento a la Banda Sinf\u00f3nica, que ha participado en el Desfile de la Feria de Durango, Dgo., en Encuentros Nacionales de Bandas Sinf\u00f3nicas Juveniles, en las ciudades de Fresnillo Zacatecas, Ojocaliente Zacatecas, Reynosa, Charcas San Luis Potos\u00ed, entre otras.<\/p>\n\n\n\n<p>Teniendo tambi\u00e9n alumnos que forman parte de la Banda de Selecci\u00f3n Nacional de la Asociaci\u00f3n Nacional de Directores y Bandas Sinf\u00f3nicas de M\u00e9xico A. C., y algunos otros j\u00f3venes m\u00fasicos han participado en la Banda Sinf\u00f3nica Infantil y Juvenil de M\u00e9xico (BANDIM) del Sistema Nacional de Fomento Musical de CONACULTA, as\u00ed como en NUCAMBA de BELLAS ARTES y grandes escenarios como el Papalote Museo del Ni\u00f1o y en el Auditorio Nacional.<\/p>\n","protected":false},"excerpt":{"rendered":"<p>Lerdo, 19 de octubre 2024.- La direcci\u00f3n de Arte y Cultura celebr\u00f3 el 18\u00b0 aniversario de la Banda sinf\u00f3nica Infantil y Juvenil de Lerdo, el viernes por la noche durante el Caf\u00e9 Cultural &#8220;Casa Hintze&#8221;, con la presentaci\u00f3n de los j\u00f3venes de la banda, a cargo de la Maestra Mar\u00eda de los \u00c1ngeles Mac\u00edas Adame. [&hellip;]<\/p>\n","protected":false},"author":1,"featured_media":11228,"comment_status":"open","ping_status":"open","sticky":false,"template":"","format":"standard","meta":{"_monsterinsights_skip_tracking":false,"_monsterinsights_sitenote_active":false,"_monsterinsights_sitenote_note":"","_monsterinsights_sitenote_category":0,"footnotes":""},"categories":[1],"tags":[],"_links":{"self":[{"href":"https:\/\/zonalimitrofe-cbnr.com\/index.php\/wp-json\/wp\/v2\/posts\/11227"}],"collection":[{"href":"https:\/\/zonalimitrofe-cbnr.com\/index.php\/wp-json\/wp\/v2\/posts"}],"about":[{"href":"https:\/\/zonalimitrofe-cbnr.com\/index.php\/wp-json\/wp\/v2\/types\/post"}],"author":[{"embeddable":true,"href":"https:\/\/zonalimitrofe-cbnr.com\/index.php\/wp-json\/wp\/v2\/users\/1"}],"replies":[{"embeddable":true,"href":"https:\/\/zonalimitrofe-cbnr.com\/index.php\/wp-json\/wp\/v2\/comments?post=11227"}],"version-history":[{"count":1,"href":"https:\/\/zonalimitrofe-cbnr.com\/index.php\/wp-json\/wp\/v2\/posts\/11227\/revisions"}],"predecessor-version":[{"id":11229,"href":"https:\/\/zonalimitrofe-cbnr.com\/index.php\/wp-json\/wp\/v2\/posts\/11227\/revisions\/11229"}],"wp:featuredmedia":[{"embeddable":true,"href":"https:\/\/zonalimitrofe-cbnr.com\/index.php\/wp-json\/wp\/v2\/media\/11228"}],"wp:attachment":[{"href":"https:\/\/zonalimitrofe-cbnr.com\/index.php\/wp-json\/wp\/v2\/media?parent=11227"}],"wp:term":[{"taxonomy":"category","embeddable":true,"href":"https:\/\/zonalimitrofe-cbnr.com\/index.php\/wp-json\/wp\/v2\/categories?post=11227"},{"taxonomy":"post_tag","embeddable":true,"href":"https:\/\/zonalimitrofe-cbnr.com\/index.php\/wp-json\/wp\/v2\/tags?post=11227"}],"curies":[{"name":"wp","href":"https:\/\/api.w.org\/{rel}","templated":true}]}}