{"id":11224,"date":"2024-10-19T13:25:07","date_gmt":"2024-10-19T19:25:07","guid":{"rendered":"https:\/\/zonalimitrofe-cbnr.com\/?p=11224"},"modified":"2024-10-19T13:25:07","modified_gmt":"2024-10-19T19:25:07","slug":"gp-la-banda-escuela-alberto-m-alvarado-ofrecera-un-concierto-en-la-plaza-de-gomez-palacio","status":"publish","type":"post","link":"https:\/\/zonalimitrofe-cbnr.com\/index.php\/2024\/10\/19\/gp-la-banda-escuela-alberto-m-alvarado-ofrecera-un-concierto-en-la-plaza-de-gomez-palacio\/","title":{"rendered":"#GP. La Banda Escuela Alberto M. Alvarado ofrecer\u00e1 un concierto en la Plaza de G\u00f3mez Palacio"},"content":{"rendered":"\n<p>Con el prop\u00f3sito de generar espacios para la expresi\u00f3n art\u00edstica y que los ni\u00f1os y j\u00f3venes demuestren sus dotes musicales, el Ayuntamiento de G\u00f3mez Palacio, a trav\u00e9s de la Direcci\u00f3n de Arte y Cultura, presentar\u00e1 un concierto a cargo de la Banda de la Escuela Alberto M. Alvarado.<\/p>\n\n\n\n<p>Melisa Reuter P\u00e9rez, directora de Arte y Cultura, anunci\u00f3 que el evento se llevar\u00e1 a cabo el lunes 21 de octubre, a las 16:30 horas, en el kiosco de la Plaza de Armas.<\/p>\n\n\n\n<p>El prop\u00f3sito de esta presentaci\u00f3n es compartir con la comunidad las piezas musicales del repertorio de la banda, permitiendo as\u00ed que los ciudadanos conozcan el trabajo realizado durante el semestre en esta escuela.<\/p>\n\n\n\n<p>La Presidenta Municipal Leticia Herrera Ale ha instruido a la Direcci\u00f3n de Arte y Cultura para crear espacios que promuevan el fomento cultural y el desarrollo art\u00edstico, buscando impulsar el crecimiento cultural del municipio.<\/p>\n\n\n\n<p>En el concierto del pr\u00f3ximo lunes, participar\u00e1n 24 alumnos, entre los cuales hay 5 mujeres y 19 hombres, que integran la secci\u00f3n de percusiones y metales. Los estudiantes, con edades de 6 a 20 a\u00f1os, interpretar\u00e1n piezas como \u201cLa Llorona\u201d, \u201cLa Bruja\u201d, \u201cVive la Vida\u201d, \u201cCielito Lindo\u201d, \u201cLa Tradicional\u201d, \u201cDe Torre\u00f3n a Lerdo\u201d, entre otras.<\/p>\n\n\n\n<p>Reuter P\u00e9rez concluy\u00f3 se\u00f1alando que esta presentaci\u00f3n tambi\u00e9n busca promover la Banda Escuela Alberto M. Alvarado para atraer a m\u00e1s ni\u00f1os y j\u00f3venes interesados en unirse a la agrupaci\u00f3n musical. Record\u00f3 que las clases se ofrecen de manera gratuita los lunes, mi\u00e9rcoles y viernes de 4 a 6 de la tarde y los s\u00e1bados de 12 del mediod\u00eda a 2 de la tarde en el Centro de Convenciones Francisco Zarco.<\/p>\n","protected":false},"excerpt":{"rendered":"<p>Con el prop\u00f3sito de generar espacios para la expresi\u00f3n art\u00edstica y que los ni\u00f1os y j\u00f3venes demuestren sus dotes musicales, el Ayuntamiento de G\u00f3mez Palacio, a trav\u00e9s de la Direcci\u00f3n de Arte y Cultura, presentar\u00e1 un concierto a cargo de la Banda de la Escuela Alberto M. Alvarado. Melisa Reuter P\u00e9rez, directora de Arte y [&hellip;]<\/p>\n","protected":false},"author":1,"featured_media":11225,"comment_status":"open","ping_status":"open","sticky":false,"template":"","format":"standard","meta":{"_monsterinsights_skip_tracking":false,"_monsterinsights_sitenote_active":false,"_monsterinsights_sitenote_note":"","_monsterinsights_sitenote_category":0,"footnotes":""},"categories":[1],"tags":[],"_links":{"self":[{"href":"https:\/\/zonalimitrofe-cbnr.com\/index.php\/wp-json\/wp\/v2\/posts\/11224"}],"collection":[{"href":"https:\/\/zonalimitrofe-cbnr.com\/index.php\/wp-json\/wp\/v2\/posts"}],"about":[{"href":"https:\/\/zonalimitrofe-cbnr.com\/index.php\/wp-json\/wp\/v2\/types\/post"}],"author":[{"embeddable":true,"href":"https:\/\/zonalimitrofe-cbnr.com\/index.php\/wp-json\/wp\/v2\/users\/1"}],"replies":[{"embeddable":true,"href":"https:\/\/zonalimitrofe-cbnr.com\/index.php\/wp-json\/wp\/v2\/comments?post=11224"}],"version-history":[{"count":1,"href":"https:\/\/zonalimitrofe-cbnr.com\/index.php\/wp-json\/wp\/v2\/posts\/11224\/revisions"}],"predecessor-version":[{"id":11226,"href":"https:\/\/zonalimitrofe-cbnr.com\/index.php\/wp-json\/wp\/v2\/posts\/11224\/revisions\/11226"}],"wp:featuredmedia":[{"embeddable":true,"href":"https:\/\/zonalimitrofe-cbnr.com\/index.php\/wp-json\/wp\/v2\/media\/11225"}],"wp:attachment":[{"href":"https:\/\/zonalimitrofe-cbnr.com\/index.php\/wp-json\/wp\/v2\/media?parent=11224"}],"wp:term":[{"taxonomy":"category","embeddable":true,"href":"https:\/\/zonalimitrofe-cbnr.com\/index.php\/wp-json\/wp\/v2\/categories?post=11224"},{"taxonomy":"post_tag","embeddable":true,"href":"https:\/\/zonalimitrofe-cbnr.com\/index.php\/wp-json\/wp\/v2\/tags?post=11224"}],"curies":[{"name":"wp","href":"https:\/\/api.w.org\/{rel}","templated":true}]}}