{"id":11212,"date":"2024-10-19T13:10:50","date_gmt":"2024-10-19T19:10:50","guid":{"rendered":"https:\/\/zonalimitrofe-cbnr.com\/?p=11212"},"modified":"2024-10-19T13:10:50","modified_gmt":"2024-10-19T19:10:50","slug":"gp-ayuntamiento-de-gomez-palacio-fomenta-la-conciencia-sobre-el-cancer-de-mama-con-un-lazo-rosa-humano-en-la-explanada-de-la-presidencia-municipal","status":"publish","type":"post","link":"https:\/\/zonalimitrofe-cbnr.com\/index.php\/2024\/10\/19\/gp-ayuntamiento-de-gomez-palacio-fomenta-la-conciencia-sobre-el-cancer-de-mama-con-un-lazo-rosa-humano-en-la-explanada-de-la-presidencia-municipal\/","title":{"rendered":"#GP. Ayuntamiento de G\u00f3mez Palacio fomenta la conciencia sobre el c\u00e1ncer de mama con un lazo rosa humano en la explanada de la Presidencia Municipal"},"content":{"rendered":"\n<p>Para conmemorar el \u201cD\u00eda Internacional de la Lucha contra el C\u00e1ncer de Mama\u201d, funcionarios y empleados del Ayuntamiento de G\u00f3mez Palacio formaron un lazo rosa humano en la explanada de la Presidencia Municipal. Con este acto simb\u00f3lico se busca promover una cultura de la autoexploraci\u00f3n que permita la detecci\u00f3n temprana de esta enfermedad y con ello reducir la cantidad de muertes que esta ocasiona.<\/p>\n\n\n\n<p>Brenda Calder\u00f3n Carrete, directora del Sistema para el Desarrollo Integral de la Familia (DIF), destac\u00f3 que el prop\u00f3sito de esta iniciativa es difundir un mensaje de prevenci\u00f3n, alentando tanto a mujeres como a hombres a realizar autoexploraciones regulares para reducir el incremento en el n\u00famero de casos de c\u00e1ncer de mama.<\/p>\n\n\n\n<p>Record\u00f3 que, seg\u00fan la Organizaci\u00f3n Mundial de la Salud, el 19 de octubre es el d\u00eda dedicado a esta conmemoraci\u00f3n, pero durante todo el mes de octubre, conocido como el \u201cMes Rosa\u201d, se llevan a cabo actividades dirigidas a sensibilizar a la poblaci\u00f3n sobre este padecimiento.<\/p>\n\n\n\n<p>La funcionaria declar\u00f3 que la Presidenta Municipal Leticia Herrera Ale, en sinton\u00eda con la Presidenta Estatal del DIF, Lic. Marisol Rosso Rivera, realizan esfuerzos para promover la cultura del autocuidado mediante acciones conjuntas, con el objetivo de alcanzar a un mayor n\u00famero de personas.<\/p>\n\n\n\n<p>Los eventos para concientizar sobre el problema del c\u00e1ncer de mama, el cual de detectarse a tiempo es curable, seguir\u00e1n durante todo el mes de octubre \u201cMes Rosa\u201d, entre ellas destaca la carrera nocturna denominada &#8220;Marea Rosa&#8221; a cargo del DIF Estatal, la cual se llevar\u00e1 a cabo el pr\u00f3ximo viernes 25 y contar\u00e1 con muchas sorpresas para las y los asistentes, por lo que la funcionaria extiende una invitaci\u00f3n para sumarse a esta carrera sin precedentes en La Laguna.<\/p>\n","protected":false},"excerpt":{"rendered":"<p>Para conmemorar el \u201cD\u00eda Internacional de la Lucha contra el C\u00e1ncer de Mama\u201d, funcionarios y empleados del Ayuntamiento de G\u00f3mez Palacio formaron un lazo rosa humano en la explanada de la Presidencia Municipal. Con este acto simb\u00f3lico se busca promover una cultura de la autoexploraci\u00f3n que permita la detecci\u00f3n temprana de esta enfermedad y con [&hellip;]<\/p>\n","protected":false},"author":1,"featured_media":11213,"comment_status":"open","ping_status":"open","sticky":false,"template":"","format":"standard","meta":{"_monsterinsights_skip_tracking":false,"_monsterinsights_sitenote_active":false,"_monsterinsights_sitenote_note":"","_monsterinsights_sitenote_category":0,"footnotes":""},"categories":[1],"tags":[],"_links":{"self":[{"href":"https:\/\/zonalimitrofe-cbnr.com\/index.php\/wp-json\/wp\/v2\/posts\/11212"}],"collection":[{"href":"https:\/\/zonalimitrofe-cbnr.com\/index.php\/wp-json\/wp\/v2\/posts"}],"about":[{"href":"https:\/\/zonalimitrofe-cbnr.com\/index.php\/wp-json\/wp\/v2\/types\/post"}],"author":[{"embeddable":true,"href":"https:\/\/zonalimitrofe-cbnr.com\/index.php\/wp-json\/wp\/v2\/users\/1"}],"replies":[{"embeddable":true,"href":"https:\/\/zonalimitrofe-cbnr.com\/index.php\/wp-json\/wp\/v2\/comments?post=11212"}],"version-history":[{"count":1,"href":"https:\/\/zonalimitrofe-cbnr.com\/index.php\/wp-json\/wp\/v2\/posts\/11212\/revisions"}],"predecessor-version":[{"id":11214,"href":"https:\/\/zonalimitrofe-cbnr.com\/index.php\/wp-json\/wp\/v2\/posts\/11212\/revisions\/11214"}],"wp:featuredmedia":[{"embeddable":true,"href":"https:\/\/zonalimitrofe-cbnr.com\/index.php\/wp-json\/wp\/v2\/media\/11213"}],"wp:attachment":[{"href":"https:\/\/zonalimitrofe-cbnr.com\/index.php\/wp-json\/wp\/v2\/media?parent=11212"}],"wp:term":[{"taxonomy":"category","embeddable":true,"href":"https:\/\/zonalimitrofe-cbnr.com\/index.php\/wp-json\/wp\/v2\/categories?post=11212"},{"taxonomy":"post_tag","embeddable":true,"href":"https:\/\/zonalimitrofe-cbnr.com\/index.php\/wp-json\/wp\/v2\/tags?post=11212"}],"curies":[{"name":"wp","href":"https:\/\/api.w.org\/{rel}","templated":true}]}}