{"id":11196,"date":"2024-10-18T16:50:40","date_gmt":"2024-10-18T22:50:40","guid":{"rendered":"https:\/\/zonalimitrofe-cbnr.com\/?p=11196"},"modified":"2024-10-18T16:50:40","modified_gmt":"2024-10-18T22:50:40","slug":"lerdo-capacitan-a-alumnos-de-primaria-lazaro-cardenas-lerdo-en-seguridad-vial","status":"publish","type":"post","link":"https:\/\/zonalimitrofe-cbnr.com\/index.php\/2024\/10\/18\/lerdo-capacitan-a-alumnos-de-primaria-lazaro-cardenas-lerdo-en-seguridad-vial\/","title":{"rendered":"#Lerdo. CAPACITAN A ALUMNOS DE PRIMARIA L\u00c1ZARO C\u00c1RDENAS LERDO EN \u2018SEGURIDAD VIAL\u2019*"},"content":{"rendered":"\n<p>Lerdo, 18 de octubre 2024.- Por instrucciones del Alcalde Homero Mart\u00ednez Cabrera, la Direcci\u00f3n de Tr\u00e1nsito y Vialidad del Municipio de Lerdo imparti\u00f3 una nueva capacitaci\u00f3n en seguridad vial a estudiantes de la Escuela Primaria L\u00e1zaro C\u00e1rdenas del R\u00edo. El objetivo de esta iniciativa es fortalecer el conocimiento de los ni\u00f1os y ni\u00f1as sobre la cultura vial y promover conductas responsables en la v\u00eda p\u00fablica.<\/p>\n\n\n\n<p>Francisco De Hoyos Mart\u00ednez, director de Tr\u00e1nsito y Vialidad, explic\u00f3 que durante la capacitaci\u00f3n se abordaron temas esenciales para que los estudiantes comprendan la importancia de la seguridad vial.<\/p>\n\n\n\n<p>Entre los temas abordados, se incluy\u00f3 el reconocimiento de se\u00f1ales de tr\u00e1nsito, c\u00f3mo cruzar una calle correctamente, las diferencias entre tipos de vialidades, el respeto a los sem\u00e1foros, el uso del cintur\u00f3n de seguridad, y las edades recomendadas para viajar como copiloto. Adem\u00e1s, se destac\u00f3 la importancia de no distraer al conductor.<\/p>\n\n\n\n<p>C\u00e9sar Acosta, coordinador de Educaci\u00f3n Vial, a\u00f1adi\u00f3 que este tipo de talleres es crucial para inculcar desde edades tempranas una cultura de respeto y prevenci\u00f3n en las calles, pues se dota de conocimientos a los infantes y, de esta manera, se previenen accidentes.<\/p>\n\n\n\n<p>El director de la primaria, Francisco Salazar, agradeci\u00f3 el apoyo de la Direcci\u00f3n de Tr\u00e1nsito y Vialidad, destacando que estas actividades concientizan a los estudiantes sobre la importancia de la seguridad vial en su vida cotidiana, promoviendo actitudes responsables.<\/p>\n\n\n\n<p>Esta iniciativa es parte de los esfuerzos del Gobierno Municipal por fomentar una cultura vial m\u00e1s segura desde la infancia, contribuyendo a la formaci\u00f3n de futuros ciudadanos responsables.<\/p>\n","protected":false},"excerpt":{"rendered":"<p>Lerdo, 18 de octubre 2024.- Por instrucciones del Alcalde Homero Mart\u00ednez Cabrera, la Direcci\u00f3n de Tr\u00e1nsito y Vialidad del Municipio de Lerdo imparti\u00f3 una nueva capacitaci\u00f3n en seguridad vial a estudiantes de la Escuela Primaria L\u00e1zaro C\u00e1rdenas del R\u00edo. El objetivo de esta iniciativa es fortalecer el conocimiento de los ni\u00f1os y ni\u00f1as sobre la [&hellip;]<\/p>\n","protected":false},"author":1,"featured_media":11197,"comment_status":"open","ping_status":"open","sticky":false,"template":"","format":"standard","meta":{"_monsterinsights_skip_tracking":false,"_monsterinsights_sitenote_active":false,"_monsterinsights_sitenote_note":"","_monsterinsights_sitenote_category":0,"footnotes":""},"categories":[1],"tags":[],"_links":{"self":[{"href":"https:\/\/zonalimitrofe-cbnr.com\/index.php\/wp-json\/wp\/v2\/posts\/11196"}],"collection":[{"href":"https:\/\/zonalimitrofe-cbnr.com\/index.php\/wp-json\/wp\/v2\/posts"}],"about":[{"href":"https:\/\/zonalimitrofe-cbnr.com\/index.php\/wp-json\/wp\/v2\/types\/post"}],"author":[{"embeddable":true,"href":"https:\/\/zonalimitrofe-cbnr.com\/index.php\/wp-json\/wp\/v2\/users\/1"}],"replies":[{"embeddable":true,"href":"https:\/\/zonalimitrofe-cbnr.com\/index.php\/wp-json\/wp\/v2\/comments?post=11196"}],"version-history":[{"count":1,"href":"https:\/\/zonalimitrofe-cbnr.com\/index.php\/wp-json\/wp\/v2\/posts\/11196\/revisions"}],"predecessor-version":[{"id":11198,"href":"https:\/\/zonalimitrofe-cbnr.com\/index.php\/wp-json\/wp\/v2\/posts\/11196\/revisions\/11198"}],"wp:featuredmedia":[{"embeddable":true,"href":"https:\/\/zonalimitrofe-cbnr.com\/index.php\/wp-json\/wp\/v2\/media\/11197"}],"wp:attachment":[{"href":"https:\/\/zonalimitrofe-cbnr.com\/index.php\/wp-json\/wp\/v2\/media?parent=11196"}],"wp:term":[{"taxonomy":"category","embeddable":true,"href":"https:\/\/zonalimitrofe-cbnr.com\/index.php\/wp-json\/wp\/v2\/categories?post=11196"},{"taxonomy":"post_tag","embeddable":true,"href":"https:\/\/zonalimitrofe-cbnr.com\/index.php\/wp-json\/wp\/v2\/tags?post=11196"}],"curies":[{"name":"wp","href":"https:\/\/api.w.org\/{rel}","templated":true}]}}