{"id":11193,"date":"2024-10-18T16:47:46","date_gmt":"2024-10-18T22:47:46","guid":{"rendered":"https:\/\/zonalimitrofe-cbnr.com\/?p=11193"},"modified":"2024-10-18T16:47:46","modified_gmt":"2024-10-18T22:47:46","slug":"durango-gobierno-de-esteban-villegas-apoya-el-talento-local-en-la-tercera-edicion-del-festival-jardin","status":"publish","type":"post","link":"https:\/\/zonalimitrofe-cbnr.com\/index.php\/2024\/10\/18\/durango-gobierno-de-esteban-villegas-apoya-el-talento-local-en-la-tercera-edicion-del-festival-jardin\/","title":{"rendered":"#Durango. GOBIERNO DE ESTEBAN VILLEGAS APOYA EL TALENTO LOCAL EN LA TERCERA EDICI\u00d3N DEL FESTIVAL JARD\u00cdN"},"content":{"rendered":"\n<ul>\n<li>Se esperan un aforo mayor a 400 personas<\/li>\n<\/ul>\n\n\n\n<p>Comarca Lagunera.- Con el objetivo de revitalizar espacios p\u00fablicos, promoviendo la cultura, el arte y la gastronom\u00eda local, as\u00ed como los trabajos y productos de los artesanos de la regi\u00f3n Laguna de Durango; el gobierno encabezado por Esteban Villegas Villarreal, a trav\u00e9s del Instituto de Cultura del Estado (ICED) y la Casa de la Cultura de G\u00f3mez Palacio, arrancar\u00e1 la tercera edici\u00f3n del Festival Cultural Jard\u00edn, que tendr\u00e1 lugar el pr\u00f3ximo viernes 25 de octubre, a partir de las 4 de la tarde, al aire libre en los jardines de las instalaciones.<br>As\u00ed lo inform\u00f3 el director del recinto cultural, Absalom Ruiz Rosales, al precisar que, gracias a la voluntad e inter\u00e9s del gobernador, Esteban Villegas Villarreal, a trav\u00e9s de Instituto de Cultura en el Estado de Durango (ICED) y la fundaci\u00f3n Agapes, se han preparado una serie de actividades culturales al aire libre dirigidas a todas las familias laguneras.<br>Ante la buena respuesta que tuvieron la primera y segunda edici\u00f3n edici\u00f3n del festival; este a\u00f1o la Casa de la Cultura de G\u00f3mez Palacio engalanar\u00e1 sus jardines con expresiones art\u00edsticas de maestros, alumnos y talento local; as\u00ed como el mercadito artesanal, donde artesanos y emprendedores laguneros pondr\u00e1n a la venta sus art\u00edculos.<br>\u201cTodas las actividades son gratuitas y se llevar\u00e1n a cabo en diferentes \u00e1reas del jard\u00edn. Tendremos variados talleres para ni\u00f1os y adultos entre los que se encuentran:<\/p>\n\n\n\n<ul>\n<li>Teatro inclusivo: A las 16:00 horas en el Teatro &#8220;Dolores del R\u00edo&#8221;, el grupo &#8220;H\u00e9roes en Escena&#8221;, dirigido por el maestro Benjam\u00edn G\u00f3mez, presentar\u00e1 la obra &#8220;Calaveras Mexicanas&#8221;, en conmemoraci\u00f3n de las festividades del D\u00eda de Muertos.<\/li>\n\n\n\n<li>Exposici\u00f3n de dibujo al carb\u00f3n: El maestro Jos\u00e9 Roberto Andrade ofrecer\u00e1 una muestra de dibujos en homenaje a figuras ilustres de la historia mexicana.<\/li>\n\n\n\n<li>Exposici\u00f3n de calaveritas tradicionales<\/li>\n\n\n\n<li>Taller de papel picado dirigido a ni\u00f1os y adultos, este taller ser\u00e1 impartido por la Unidad Regional de Culturas Populares de la Regi\u00f3n Laguna.<\/li>\n\n\n\n<li>Observaci\u00f3n astron\u00f3mica: El Grupo Astron\u00f3mico de G\u00f3mez Palacio guiar\u00e1 una actividad de observaci\u00f3n de estrellas, utilizando telescopios profesionales.<\/li>\n\n\n\n<li>Cine al aire libre: Se proyectar\u00e1 pel\u00edcula para ni\u00f1os y adultos, mientras los asistentes disfrutan de una oferta gastron\u00f3mica variada y de la venta de artesan\u00edas locales.<br>Para mayores informes, los interesados pueden acudir a las instalaciones de la Casa de la Cultura de G\u00f3mez Palacio, ubicada en calle Londres esquina con Lisboa sin n\u00famero, colonia El Campestre de G\u00f3mez Palacio o comunicarse al tel\u00e9fono: 871-714-07-11.<\/li>\n<\/ul>\n","protected":false},"excerpt":{"rendered":"<p>Comarca Lagunera.- Con el objetivo de revitalizar espacios p\u00fablicos, promoviendo la cultura, el arte y la gastronom\u00eda local, as\u00ed como los trabajos y productos de los artesanos de la regi\u00f3n Laguna de Durango; el gobierno encabezado por Esteban Villegas Villarreal, a trav\u00e9s del Instituto de Cultura del Estado (ICED) y la Casa de la Cultura [&hellip;]<\/p>\n","protected":false},"author":1,"featured_media":11194,"comment_status":"open","ping_status":"open","sticky":false,"template":"","format":"standard","meta":{"_monsterinsights_skip_tracking":false,"_monsterinsights_sitenote_active":false,"_monsterinsights_sitenote_note":"","_monsterinsights_sitenote_category":0,"footnotes":""},"categories":[1],"tags":[],"_links":{"self":[{"href":"https:\/\/zonalimitrofe-cbnr.com\/index.php\/wp-json\/wp\/v2\/posts\/11193"}],"collection":[{"href":"https:\/\/zonalimitrofe-cbnr.com\/index.php\/wp-json\/wp\/v2\/posts"}],"about":[{"href":"https:\/\/zonalimitrofe-cbnr.com\/index.php\/wp-json\/wp\/v2\/types\/post"}],"author":[{"embeddable":true,"href":"https:\/\/zonalimitrofe-cbnr.com\/index.php\/wp-json\/wp\/v2\/users\/1"}],"replies":[{"embeddable":true,"href":"https:\/\/zonalimitrofe-cbnr.com\/index.php\/wp-json\/wp\/v2\/comments?post=11193"}],"version-history":[{"count":1,"href":"https:\/\/zonalimitrofe-cbnr.com\/index.php\/wp-json\/wp\/v2\/posts\/11193\/revisions"}],"predecessor-version":[{"id":11195,"href":"https:\/\/zonalimitrofe-cbnr.com\/index.php\/wp-json\/wp\/v2\/posts\/11193\/revisions\/11195"}],"wp:featuredmedia":[{"embeddable":true,"href":"https:\/\/zonalimitrofe-cbnr.com\/index.php\/wp-json\/wp\/v2\/media\/11194"}],"wp:attachment":[{"href":"https:\/\/zonalimitrofe-cbnr.com\/index.php\/wp-json\/wp\/v2\/media?parent=11193"}],"wp:term":[{"taxonomy":"category","embeddable":true,"href":"https:\/\/zonalimitrofe-cbnr.com\/index.php\/wp-json\/wp\/v2\/categories?post=11193"},{"taxonomy":"post_tag","embeddable":true,"href":"https:\/\/zonalimitrofe-cbnr.com\/index.php\/wp-json\/wp\/v2\/tags?post=11193"}],"curies":[{"name":"wp","href":"https:\/\/api.w.org\/{rel}","templated":true}]}}