{"id":11190,"date":"2024-10-18T16:45:35","date_gmt":"2024-10-18T22:45:35","guid":{"rendered":"https:\/\/zonalimitrofe-cbnr.com\/?p=11190"},"modified":"2024-10-18T16:45:36","modified_gmt":"2024-10-18T22:45:36","slug":"torreon-roman-alberto-cepeda-gonzalez-preside-la-tercera-ediciondif-rosa-apostemos-por-la-prevencion","status":"publish","type":"post","link":"https:\/\/zonalimitrofe-cbnr.com\/index.php\/2024\/10\/18\/torreon-roman-alberto-cepeda-gonzalez-preside-la-tercera-ediciondif-rosa-apostemos-por-la-prevencion\/","title":{"rendered":"#Torre\u00f3n. Rom\u00e1n Alberto Cepeda Gonz\u00e1lez preside la tercera edici\u00f3n\u201cDIF Rosa: Apostemos por la Prevenci\u00f3n\u201d"},"content":{"rendered":"\n<p>Torre\u00f3n, Coahuila. A 18 de octubre de 2024.<\/p>\n\n\n\n<p>En el marco del D\u00eda Mundial de la Lucha Contra el C\u00e1ncer de Mama, el alcalde Rom\u00e1n Alberto Cepeda Gonz\u00e1lez presidi\u00f3 este viernes la tercera edici\u00f3n de \u201cDIF Rosa: Apostemos por la prevenci\u00f3n\u201d, organizada por la Administraci\u00f3n Municipal y el Sistema para el Desarrollo Integral de la Familia, en sinergia con hospitales y empresas de Torre\u00f3n, con el objetivo prevenir esta enfermedad y apoyar a las mujeres en la recuperaci\u00f3n de su salud.<br>&nbsp;<br>El Presidente Municipal expres\u00f3 en su mensaje la importancia del cuidado de la salud de la mujer desde la prevenci\u00f3n.<br>&nbsp;<br>\u201cEl 19 de octubre desde 1988 se destin\u00f3 como el D\u00eda Mundial de la Lucha Contra el C\u00e1ncer de Mama, y lo m\u00e1s valioso de esta tierra que es Torre\u00f3n, que es Laguna, Coahuila y M\u00e9xico, es su gente, es lo que nos da identidad, lo que nos da la esencia, y por lo que luchamos, pero dentro de toda nuestra gente, que somos cerca de 800 mil habitantes en Torre\u00f3n, la mujer ocupa un lugar especial no solamente en el \u00e1mbito de la actividad econ\u00f3mica, familiar, o en la comunidad de la cual todos somos parte, sino en el desarrollo, en lo que somos y en el futuro de nuestro querido Torre\u00f3n, de Coahuila y M\u00e9xico\u201d, se\u00f1al\u00f3 el edil.<br>&nbsp;<br>Cepeda Gonz\u00e1lez agreg\u00f3 que en el quehacer diario de su Administraci\u00f3n, cada una de las acciones de Gobierno han sido importantes los temas de seguridad, competitividad, fortalecimiento econ\u00f3mico, desarrollo sustentable, al igual que el eje transversal de salud.<br>&nbsp;<br>El Alcalde agradeci\u00f3 al equipo DIF y a todas las organizaciones y hospitales que colaboran con la causa de la lucha contra el c\u00e1ncer de mama.<br>&nbsp;<br>Resalt\u00f3 que la colaboraci\u00f3n, el buen entendimiento y la voluntad de coordinar esfuerzos allanan el camino para alcanzar los objetivos.<br>&nbsp;<br>\u201cLlegar a cada mujer, no importa la edad pero que tiene un problema de salud, es nuestro compromiso y responsabilidad, y asumimos la responsabilidad de manera coordinada con nuestro gran aliado el Estado, con el gobernador Manolo Jim\u00e9nez, lo cual es importante\u201d, manifest\u00f3.<br>&nbsp;<\/p>\n\n\n\n<p>El Presidente Municipal reforz\u00f3 su compromiso con las mujeres, y expres\u00f3 su apoyo a las que hoy se encuentran atravesando una situaci\u00f3n como el c\u00e1ncer de mama.<br>&nbsp;<br>\u201cNo se rindan, sigan adelante, tienen con quien compartir esa lucha, nosotros somos sus aliados, estoy frente a mujeres gloriosas y victoriosas y con mujeres as\u00ed Torre\u00f3n siempre seguir\u00e1 pudiendo\u201d, expres\u00f3.<br>&nbsp;<br>Selina Bremer de Cepeda, presidenta Honoraria del DIF Torre\u00f3n, agradeci\u00f3 a los invitados especiales que se suman a la causa del organismo este d\u00eda.<br>&nbsp;<br>\u201cNos inspiran a acompa\u00f1ar en su lucha diaria a tantas guerreras de manera c\u00e1lida, \u00e9tica y profesional, dando respuesta a una realidad que como mujeres atravesamos en el mundo, y nuestro querido Torre\u00f3n no es la excepci\u00f3n. Hoy nos reunimos con la finalidad de sensibilizarnos y tener &nbsp;muy presente que no debemos bajar la guardia en el tema del c\u00e1ncer de mama, estemos atentas autoexplor\u00e9monos, hagamos chequeos de rutina, acudamos al m\u00e9dico, hay que tener claro que esta lucha no es solo este mes, es algo que debemos tener presente todo el a\u00f1o, debido a que el c\u00e1ncer de mama es la causa n\u00famero uno de muerte en M\u00e9xico en mujeres arriba de 25 a\u00f1os, y la segunda en el mundo\u201d, explic\u00f3.<br>&nbsp;<br>Bremer de Cepeda agradeci\u00f3 a cada uno de los colaboradores, empresas, fundaciones, hospitales, m\u00e9dicos y especialistas por hacer posible la entrega de apoyos diversos como ultrasonidos mamarios, pelucas oncol\u00f3gicas, donaci\u00f3n de trenzas para elaboraci\u00f3n de pelucas y pr\u00f3tesis mamarias, entre otros.<\/p>\n\n\n\n<p>Los apoyos entregados por parte de quienes colaboran con el Municipio y el DIF Torre\u00f3n en esta causa, consisten en: 50 ultrasonidos mamarios, 30 pelucas oncol\u00f3gicas, 40 microblading de ceja; 137 trenzas para la elaboraci\u00f3n de pelucas y 16 pr\u00f3tesis mamarias. Adem\u00e1s de revisiones a mujeres para la prevenci\u00f3n del c\u00e1ncer en la unidad m\u00f3vil de la Direcci\u00f3n de Salud Municipal; 200 mascadas y 35 turbantes, sesiones de sonoterapia, nutrici\u00f3n y mastograf\u00edas.<br>&nbsp;<br>Adem\u00e1s, exhort\u00f3 a ser portavoces de compartir la informaci\u00f3n de prevenci\u00f3n y diagn\u00f3stico oportuno.<br>&nbsp;<br>Por parte de las beneficiarias, Laura Mayela Hern\u00e1ndez Alba, sobreviviente de c\u00e1ncer, tambi\u00e9n agradeci\u00f3 a todos quienes dejan su granito de arena para ayudar a las mujeres que esta pasando por esta etapa que dijo, es un muy fuerte proceso y un cambio de vida del que tardan en recuperarse.<\/p>\n\n\n\n<p>Estuvieron tambi\u00e9n presentes: Ver\u00f3nica Mart\u00ednez, diputada Federal; Felipe Gonz\u00e1lez Miranda; Elba Leticia de Alba Galarza, regidora presidenta de la Comisi\u00f3n del DIF; Marlene Mart\u00ednez Vald\u00e9s, directora DIF Torre\u00f3n; Ana Karen Mu\u00f1oz Villegas, Healt Specialist de Milwaukee; Jorge Mario Galv\u00e1n Zerme\u00f1o, director general de Salud P\u00fablica Municipal; Carlos Alberto Cuevas G\u00f3mez, fundador de Integral Oncology; Claudia Murra Remusant, de la Fundaci\u00f3n Claudia Murra; Etza Casas Fern\u00e1ndez, Est\u00e9tica Etza Casas; Rosa Linda \u00c1lvarez Trevi\u00f1o, licenciada en Nutrici\u00f3n.<\/p>\n","protected":false},"excerpt":{"rendered":"<p>Torre\u00f3n, Coahuila. A 18 de octubre de 2024. En el marco del D\u00eda Mundial de la Lucha Contra el C\u00e1ncer de Mama, el alcalde Rom\u00e1n Alberto Cepeda Gonz\u00e1lez presidi\u00f3 este viernes la tercera edici\u00f3n de \u201cDIF Rosa: Apostemos por la prevenci\u00f3n\u201d, organizada por la Administraci\u00f3n Municipal y el Sistema para el Desarrollo Integral de la [&hellip;]<\/p>\n","protected":false},"author":1,"featured_media":11191,"comment_status":"open","ping_status":"open","sticky":false,"template":"","format":"standard","meta":{"_monsterinsights_skip_tracking":false,"_monsterinsights_sitenote_active":false,"_monsterinsights_sitenote_note":"","_monsterinsights_sitenote_category":0,"footnotes":""},"categories":[1],"tags":[],"_links":{"self":[{"href":"https:\/\/zonalimitrofe-cbnr.com\/index.php\/wp-json\/wp\/v2\/posts\/11190"}],"collection":[{"href":"https:\/\/zonalimitrofe-cbnr.com\/index.php\/wp-json\/wp\/v2\/posts"}],"about":[{"href":"https:\/\/zonalimitrofe-cbnr.com\/index.php\/wp-json\/wp\/v2\/types\/post"}],"author":[{"embeddable":true,"href":"https:\/\/zonalimitrofe-cbnr.com\/index.php\/wp-json\/wp\/v2\/users\/1"}],"replies":[{"embeddable":true,"href":"https:\/\/zonalimitrofe-cbnr.com\/index.php\/wp-json\/wp\/v2\/comments?post=11190"}],"version-history":[{"count":1,"href":"https:\/\/zonalimitrofe-cbnr.com\/index.php\/wp-json\/wp\/v2\/posts\/11190\/revisions"}],"predecessor-version":[{"id":11192,"href":"https:\/\/zonalimitrofe-cbnr.com\/index.php\/wp-json\/wp\/v2\/posts\/11190\/revisions\/11192"}],"wp:featuredmedia":[{"embeddable":true,"href":"https:\/\/zonalimitrofe-cbnr.com\/index.php\/wp-json\/wp\/v2\/media\/11191"}],"wp:attachment":[{"href":"https:\/\/zonalimitrofe-cbnr.com\/index.php\/wp-json\/wp\/v2\/media?parent=11190"}],"wp:term":[{"taxonomy":"category","embeddable":true,"href":"https:\/\/zonalimitrofe-cbnr.com\/index.php\/wp-json\/wp\/v2\/categories?post=11190"},{"taxonomy":"post_tag","embeddable":true,"href":"https:\/\/zonalimitrofe-cbnr.com\/index.php\/wp-json\/wp\/v2\/tags?post=11190"}],"curies":[{"name":"wp","href":"https:\/\/api.w.org\/{rel}","templated":true}]}}