{"id":11148,"date":"2024-10-17T14:23:39","date_gmt":"2024-10-17T20:23:39","guid":{"rendered":"https:\/\/zonalimitrofe-cbnr.com\/?p=11148"},"modified":"2024-10-17T14:23:40","modified_gmt":"2024-10-17T20:23:40","slug":"torreon-avanzan-trabajos-de-construccion-de-parque-publico-en-colonia-real-del-sol","status":"publish","type":"post","link":"https:\/\/zonalimitrofe-cbnr.com\/index.php\/2024\/10\/17\/torreon-avanzan-trabajos-de-construccion-de-parque-publico-en-colonia-real-del-sol\/","title":{"rendered":"#Torre\u00f3n. Avanzan trabajos de construcci\u00f3n de parque p\u00fablico en colonia Real del Sol"},"content":{"rendered":"\n<p><strong>Torre\u00f3n, Coahuila a 17 de octubre de 2024.- <\/strong>La Direcci\u00f3n de Obras P\u00fablicas contin\u00faa con la construcci\u00f3n de un parque p\u00fablico en la colonia Real del Sol, ubicado entre las calles Real de Dunas y Real de Torres, como parte de los programas de construcci\u00f3n, rehabilitaci\u00f3n y rescate de espacios en beneficio de la comunidad. Se realiz\u00f3 la preparaci\u00f3n del terreno para continuar con la construcci\u00f3n de banquetas del parque p\u00fablico. Dicho proyecto se llevar\u00e1 a cabo con una inversi\u00f3n de m\u00e1s de 900 mil pesos y tendr\u00e1 una extensi\u00f3n de m\u00e1s de 800 metros cuadrados, mencion\u00f3 el director de Obras P\u00fablicas, Juan Adolfo Von Bertrab Saracho. Pr\u00f3ximamente se colocar\u00e1 la estructura para porter\u00eda y tablero de b\u00e1squetbol, se instalar\u00e1 un equipo ejercitador de brazos y pecho. Adem\u00e1s se colocar\u00e1n luminarias con reflector LED de 200 watts con luz c\u00e1lida. Von Bertrab Saracho indic\u00f3 que la obra es ejecutada a trav\u00e9s de recursos del COPLADEM. \u201cLo que se busca es que los colonos de diversas edades cuenten con un lugar donde puedan practicar actividad f\u00edsica para promover un mejor estado de salud, as\u00ed como la convivencia comunitaria\u201d, mencion\u00f3. El director destac\u00f3 que la infraestructura forma parte de la estrategia de la Administraci\u00f3n Municipal que encabeza el alcalde Rom\u00e1n Alberto Cepeda Gonz\u00e1lez en materia de prevenci\u00f3n del delito, pues adem\u00e1s de las actividades deportivas, el parque ser\u00e1 lugar para la realizaci\u00f3n de eventos culturales y art\u00edsticos. Por otro lado, el director de Obras P\u00fablicas hizo el llamado a los usuarios de los espacios p\u00fablicos para que cuiden la infraestructura del lugar y hagan uso adecuado de ella, adem\u00e1s de mantener limpias las diversas \u00e1reas ya que son para su propio beneficio.<\/p>\n","protected":false},"excerpt":{"rendered":"<p>Torre\u00f3n, Coahuila a 17 de octubre de 2024.- La Direcci\u00f3n de Obras P\u00fablicas contin\u00faa con la construcci\u00f3n de un parque p\u00fablico en la colonia Real del Sol, ubicado entre las calles Real de Dunas y Real de Torres, como parte de los programas de construcci\u00f3n, rehabilitaci\u00f3n y rescate de espacios en beneficio de la comunidad. [&hellip;]<\/p>\n","protected":false},"author":1,"featured_media":11149,"comment_status":"open","ping_status":"open","sticky":false,"template":"","format":"standard","meta":{"_monsterinsights_skip_tracking":false,"_monsterinsights_sitenote_active":false,"_monsterinsights_sitenote_note":"","_monsterinsights_sitenote_category":0,"footnotes":""},"categories":[1],"tags":[],"_links":{"self":[{"href":"https:\/\/zonalimitrofe-cbnr.com\/index.php\/wp-json\/wp\/v2\/posts\/11148"}],"collection":[{"href":"https:\/\/zonalimitrofe-cbnr.com\/index.php\/wp-json\/wp\/v2\/posts"}],"about":[{"href":"https:\/\/zonalimitrofe-cbnr.com\/index.php\/wp-json\/wp\/v2\/types\/post"}],"author":[{"embeddable":true,"href":"https:\/\/zonalimitrofe-cbnr.com\/index.php\/wp-json\/wp\/v2\/users\/1"}],"replies":[{"embeddable":true,"href":"https:\/\/zonalimitrofe-cbnr.com\/index.php\/wp-json\/wp\/v2\/comments?post=11148"}],"version-history":[{"count":1,"href":"https:\/\/zonalimitrofe-cbnr.com\/index.php\/wp-json\/wp\/v2\/posts\/11148\/revisions"}],"predecessor-version":[{"id":11150,"href":"https:\/\/zonalimitrofe-cbnr.com\/index.php\/wp-json\/wp\/v2\/posts\/11148\/revisions\/11150"}],"wp:featuredmedia":[{"embeddable":true,"href":"https:\/\/zonalimitrofe-cbnr.com\/index.php\/wp-json\/wp\/v2\/media\/11149"}],"wp:attachment":[{"href":"https:\/\/zonalimitrofe-cbnr.com\/index.php\/wp-json\/wp\/v2\/media?parent=11148"}],"wp:term":[{"taxonomy":"category","embeddable":true,"href":"https:\/\/zonalimitrofe-cbnr.com\/index.php\/wp-json\/wp\/v2\/categories?post=11148"},{"taxonomy":"post_tag","embeddable":true,"href":"https:\/\/zonalimitrofe-cbnr.com\/index.php\/wp-json\/wp\/v2\/tags?post=11148"}],"curies":[{"name":"wp","href":"https:\/\/api.w.org\/{rel}","templated":true}]}}